{"id":715,"date":"2023-09-13T10:00:19","date_gmt":"2023-09-13T08:00:19","guid":{"rendered":"https:\/\/www.comadera.com\/blog\/?p=715"},"modified":"2026-03-03T15:44:08","modified_gmt":"2026-03-03T14:44:08","slug":"lamas-de-madera-lmo-para-separar-ambientes-en-comadera","status":"publish","type":"post","link":"https:\/\/www.comadera.com\/blog\/lamas-de-madera-lmo-para-separar-ambientes-en-comadera\/","title":{"rendered":"Listones separadores de madera: como crear dos espacios en uno"},"content":{"rendered":"\n<div id=\"ez-toc-container\" class=\"ez-toc-v2_0_81 ez-toc-wrap-left counter-hierarchy ez-toc-counter ez-toc-custom ez-toc-container-direction\">\n<div class=\"ez-toc-title-container\">\n<p class=\"ez-toc-title\" style=\"cursor:inherit\">Contenidos<\/p>\n<span class=\"ez-toc-title-toggle\"><a href=\"#\" class=\"ez-toc-pull-right ez-toc-btn ez-toc-btn-xs ez-toc-btn-default ez-toc-toggle\" aria-label=\"Alternar tabla de contenidos\"><span class=\"ez-toc-js-icon-con\"><span class=\"\"><span class=\"eztoc-hide\" style=\"display:none;\">Toggle<\/span><span class=\"ez-toc-icon-toggle-span\"><svg style=\"fill: #595959;color:#595959\" xmlns=\"http:\/\/www.w3.org\/2000\/svg\" class=\"list-377408\" width=\"20px\" height=\"20px\" viewBox=\"0 0 24 24\" fill=\"none\"><path d=\"M6 6H4v2h2V6zm14 0H8v2h12V6zM4 11h2v2H4v-2zm16 0H8v2h12v-2zM4 16h2v2H4v-2zm16 0H8v2h12v-2z\" fill=\"currentColor\"><\/path><\/svg><svg style=\"fill: #595959;color:#595959\" class=\"arrow-unsorted-368013\" xmlns=\"http:\/\/www.w3.org\/2000\/svg\" width=\"10px\" height=\"10px\" viewBox=\"0 0 24 24\" version=\"1.2\" baseProfile=\"tiny\"><path d=\"M18.2 9.3l-6.2-6.3-6.2 6.3c-.2.2-.3.4-.3.7s.1.5.3.7c.2.2.4.3.7.3h11c.3 0 .5-.1.7-.3.2-.2.3-.5.3-.7s-.1-.5-.3-.7zM5.8 14.7l6.2 6.3 6.2-6.3c.2-.2.3-.5.3-.7s-.1-.5-.3-.7c-.2-.2-.4-.3-.7-.3h-11c-.3 0-.5.1-.7.3-.2.2-.3.5-.3.7s.1.5.3.7z\"\/><\/svg><\/span><\/span><\/span><\/a><\/span><\/div>\n<nav><ul class='ez-toc-list ez-toc-list-level-1 ' ><li class='ez-toc-page-1 ez-toc-heading-level-2'><a class=\"ez-toc-link ez-toc-heading-1\" href=\"https:\/\/www.comadera.com\/blog\/lamas-de-madera-lmo-para-separar-ambientes-en-comadera\/#%C2%BFQue_son_los_listones_separadores_de_madera\" >\u00bfQu\u00e9 son los listones separadores de madera?<\/a><\/li><li class='ez-toc-page-1 ez-toc-heading-level-2'><a class=\"ez-toc-link ez-toc-heading-2\" href=\"https:\/\/www.comadera.com\/blog\/lamas-de-madera-lmo-para-separar-ambientes-en-comadera\/#La_versatilidad_de_las_lamas_su_mayor_punto_fuerte\" >La versatilidad de las lamas, su mayor punto fuerte<\/a><ul class='ez-toc-list-level-3' ><li class='ez-toc-heading-level-3'><a class=\"ez-toc-link ez-toc-heading-3\" href=\"https:\/\/www.comadera.com\/blog\/lamas-de-madera-lmo-para-separar-ambientes-en-comadera\/#Division_de_Espacios_sin_Bloquear_la_Luz\" >Divisi\u00f3n de Espacios sin Bloquear la Luz<\/a><ul class='ez-toc-list-level-4' ><li class='ez-toc-heading-level-4'><a class=\"ez-toc-link ez-toc-heading-4\" href=\"https:\/\/www.comadera.com\/blog\/lamas-de-madera-lmo-para-separar-ambientes-en-comadera\/#Conseguir_privacidad_sin_necesidad_de_aislamiento\" >Conseguir privacidad sin necesidad de aislamiento<\/a><\/li><li class='ez-toc-page-1 ez-toc-heading-level-4'><a class=\"ez-toc-link ez-toc-heading-5\" href=\"https:\/\/www.comadera.com\/blog\/lamas-de-madera-lmo-para-separar-ambientes-en-comadera\/#Adaptabilidad_en_distintos_espacios\" >Adaptabilidad en distintos espacios<\/a><\/li><li class='ez-toc-page-1 ez-toc-heading-level-4'><a class=\"ez-toc-link ez-toc-heading-6\" href=\"https:\/\/www.comadera.com\/blog\/lamas-de-madera-lmo-para-separar-ambientes-en-comadera\/#Calidad_y_precio_medida_liston_70_x_22_x_2750_mm\" >Calidad y precio, medida list\u00f3n 70 x 22 x 2750 mm:<\/a><\/li><\/ul><\/li><li class='ez-toc-page-1 ez-toc-heading-level-3'><a class=\"ez-toc-link ez-toc-heading-7\" href=\"https:\/\/www.comadera.com\/blog\/lamas-de-madera-lmo-para-separar-ambientes-en-comadera\/#Cuidado_y_mantenimiento_de_los_listones_de_madera\" >Cuidado y mantenimiento de los listones de madera<\/a><ul class='ez-toc-list-level-4' ><li class='ez-toc-heading-level-4'><a class=\"ez-toc-link ez-toc-heading-8\" href=\"https:\/\/www.comadera.com\/blog\/lamas-de-madera-lmo-para-separar-ambientes-en-comadera\/#Disponibilidad\" >Disponibilidad:<\/a><\/li><\/ul><\/li><\/ul><\/li><li class='ez-toc-page-1 ez-toc-heading-level-2'><a class=\"ez-toc-link ez-toc-heading-9\" href=\"https:\/\/www.comadera.com\/blog\/lamas-de-madera-lmo-para-separar-ambientes-en-comadera\/#VER_LISTONES_SEPARADORES_EN_EL_ALMACEN_VIRTUAL\" >VER LISTONES SEPARADORES EN EL ALMACEN VIRTUAL&nbsp;<\/a><\/li><\/ul><\/nav><\/div>\n<h2 class=\"wp-block-heading\"><span class=\"ez-toc-section\" id=\"%C2%BFQue_son_los_listones_separadores_de_madera\"><\/span>\u00bfQu\u00e9 son los listones separadores de madera?<span class=\"ez-toc-section-end\"><\/span><\/h2>\n\n\n\n<p>En el mundo del dise\u00f1o de interiores, la b\u00fasqueda de soluciones vers\u00e1tiles y est\u00e9ticas para delimitar espacios ha llevado a la popularizaci\u00f3n de elementos como las lamas de madera. Estas esbeltas piezas de madera han conquistado los corazones de dise\u00f1adores y amantes del interiorismo por su capacidad para <strong>separar ambientes de manera elegante y funcional<\/strong>. Desde hogares hasta espacios comerciales, las lamas o listones separadores de madera de dise\u00f1o para interiores han demostrado ser una elecci\u00f3n atemporal que agrega car\u00e1cter y dinamismo a cualquier lugar, puedes transforma tus espacios con elegantes <a href=\"https:\/\/www.comadera.com\/productos-revestimientos-interiores?_token=ZVNxn7hdTHmQdE9NAkO7VEAWZRS71NybcLS4NP8w&amp;tipo_suelo=Tipo&amp;marca=LMO&amp;coleccion=Colecci%C3%B3n#search-anchor\">lamas LMO<\/a> a\u00f1adiendo privacidad, luz y estilo en cada rinc\u00f3n.<\/p>\n\n\n\n<p>Su creciente popularidad es un hecho innegable, \u00bfpero cu\u00e1les son las razones? \u00bfrealmente se puede transformar por completo un espacio de forma tan sencilla?  <\/p>\n\n\n\n<h2 class=\"wp-block-heading\"><span class=\"ez-toc-section\" id=\"La_versatilidad_de_las_lamas_su_mayor_punto_fuerte\"><\/span><strong>La versatilidad de las lamas, su mayor punto fuerte<\/strong><span class=\"ez-toc-section-end\"><\/span><\/h2>\n\n\n\n<p>Una de las mayores fortalezas de las lamas o listones radica en su versatilidad. Pueden ser utilizadas en una variedad de contextos y estilos de dise\u00f1o, desde lo r\u00fastico hasta lo moderno. Estas lamas pueden actuar como <strong>separadores de ambientes<\/strong>, permitiendo una divisi\u00f3n visual entre espacios abiertos sin cerrar completamente el flujo de luz y energ\u00eda. Adem\u00e1s, se pueden ajustar para controlar la privacidad y la exposici\u00f3n visual seg\u00fan las necesidades cambiantes.<\/p>\n\n\n\n<p>La madera como material nunca pasa de moda en el mundo del dise\u00f1o de interior. Las lamas de madera aportan un toque natural y c\u00e1lido a cualquier entorno, creando una sensaci\u00f3n de conexi\u00f3n con la naturaleza en medio del ajetreo y el bullicio de la vida urbana. La variedad de tonos y vetas de la madera tambi\u00e9n permite una personalizaci\u00f3n significativa para adaptarse a diferentes esquemas de color y estilos decorativos.<\/p>\n\n\n\n<h3 class=\"wp-block-heading\"><span class=\"ez-toc-section\" id=\"Division_de_Espacios_sin_Bloquear_la_Luz\"><\/span><strong>Divisi\u00f3n de Espacios sin Bloquear la Luz<\/strong><span class=\"ez-toc-section-end\"><\/span><\/h3>\n\n\n<div class=\"wp-block-image is-style-rounded\">\n<figure class=\"alignright is-resized has-custom-border\" style=\"margin-top:0;margin-right:26px;margin-bottom:0;margin-left:26px\"><a href=\"https:\/\/www.comadera.com\/productos-revestimientos-interiores\/listones-separadores-laminados-roble-oscuro-705-nucleo-mdf\"><img fetchpriority=\"high\" decoding=\"async\" width=\"392\" height=\"700\" src=\"https:\/\/www.comadera.com\/blog\/wp-content\/uploads\/2023\/08\/Listones_RobleOsc705_Comadera.png\" alt=\"Listones separadores de madera de dise\u00f1o de Roble Oscuro 705\" class=\"wp-image-749\" style=\"border-style:none;border-width:0px;border-radius:9px;width:271px;height:auto\" srcset=\"https:\/\/www.comadera.com\/blog\/wp-content\/uploads\/2023\/08\/Listones_RobleOsc705_Comadera.png 392w, https:\/\/www.comadera.com\/blog\/wp-content\/uploads\/2023\/08\/Listones_RobleOsc705_Comadera-168x300.png 168w\" sizes=\"(max-width: 392px) 100vw, 392px\" \/><\/a><figcaption class=\"wp-element-caption\">Listones en Roble Oscuro LMO 705<\/figcaption><\/figure>\n<\/div>\n\n\n<p>Una de las ventajas m\u00e1s destacadas de las lamas o listones separadores de madera de dise\u00f1o es su capacidad para separar \u00e1reas sin bloquear por completo la luz ni cerrar visualmente el espacio. A diferencia de las paredes s\u00f3lidas o los paneles opacos, las lamas permiten que la luz fluya a trav\u00e9s de ellas, creando una sensaci\u00f3n de amplitud y conectividad entre los espacios divididos. Esta caracter\u00edstica es especialmente \u00fatil en espacios peque\u00f1os donde mantener la sensaci\u00f3n de apertura es fundamental.<\/p>\n\n\n\n<p>Adem\u00e1s, las lamas de madera no solo sirven como divisores funcionales, sino que tambi\u00e9n juegan un papel en la creaci\u00f3n de efectos de luz y sombra. Dependiendo de la orientaci\u00f3n de las lamas y la direcci\u00f3n de la luz, se pueden producir patrones cambiantes a lo largo del d\u00eda. Esto agrega un dinamismo visual \u00fanico al espacio, evitando que la separaci\u00f3n sea est\u00e1tica y mon\u00f3tona.<\/p>\n\n\n\n<h4 class=\"wp-block-heading\"><span class=\"ez-toc-section\" id=\"Conseguir_privacidad_sin_necesidad_de_aislamiento\"><\/span><strong>Conseguir privacidad sin necesidad de aislamiento<\/strong><span class=\"ez-toc-section-end\"><\/span><\/h4>\n\n\n\n<p>Otro de los desaf\u00edos al dividir espacios es mantener la privacidad sin crear una sensaci\u00f3n de aislamiento. Aqu\u00ed es donde las lamas de madera brillan. Proporcionan una barrera visual que conserva la sensaci\u00f3n de conexi\u00f3n, permitiendo que el espacio se sienta abierto y aireado mientras garantiza la intimidad necesaria. Por eso, se convierten en una de las soluciones m\u00e1s utilizadas en espacios tanto comerciales como residenciales. <\/p>\n\n\n\n<h4 class=\"wp-block-heading\"><span class=\"ez-toc-section\" id=\"Adaptabilidad_en_distintos_espacios\"><\/span><strong>Adaptabilidad en distintos espacios<\/strong><span class=\"ez-toc-section-end\"><\/span><\/h4>\n\n\n\n<p>Las lamas de madera no tienen l\u00edmites en cuanto a d\u00f3nde pueden utilizarse. Desde residencias hasta oficinas, restaurantes y hoteles, estas piezas de madera pueden ser incorporadas en una amplia gama de entornos. Ya sea que busques dividir un espacio de trabajo colaborativo, crear un rinc\u00f3n acogedor en una cafeter\u00eda o establecer zonas de descanso en un lobby de hotel, las lamas de madera pueden ser adaptadas para satisfacer las necesidades espec\u00edficas de cada espacio. Estas lamas se pueden colocar como separador de ambientes, como para revestir una pared o hacer una combinaci\u00f3n de ambas, de esta forma pudiendo crear espacios con forma racional o forma org\u00e1nica.<\/p>\n\n\n\n<p>Los listones separadores de madera de dise\u00f1o son mucho m\u00e1s que simples elementos divisores. Son obras de arte funcionales que equilibran la forma y la funci\u00f3n con una elegancia atemporal. Su versatilidad, capacidad para jugar con la luz y la sombra, as\u00ed como su habilidad para mantener la privacidad sin comprometer la conexi\u00f3n visual, las convierten en una elecci\u00f3n perfecta para cualquier proyecto de dise\u00f1o de interiores. Si est\u00e1s buscando una forma de separar ambientes sin perder la belleza natural y la calidez de la madera, las lamas de madera merecen ser consideradas en tu pr\u00f3ximo proyecto de dise\u00f1o.&nbsp;Son m\u00faltiples los beneficios ofrecidos por esta tipolog\u00eda de pero <\/p>\n\n\n<div class=\"wp-block-image\">\n<figure class=\"aligncenter size-large is-resized\"><img decoding=\"async\" width=\"1024\" height=\"1024\" src=\"https:\/\/www.comadera.com\/blog\/wp-content\/uploads\/2023\/09\/Beneficios-de-los-listones-separadores-infografia-1024x1024.jpg\" alt=\"\" class=\"wp-image-1187\" style=\"object-fit:cover;width:406px;height:auto\" srcset=\"https:\/\/www.comadera.com\/blog\/wp-content\/uploads\/2023\/09\/Beneficios-de-los-listones-separadores-infografia-1024x1024.jpg 1024w, https:\/\/www.comadera.com\/blog\/wp-content\/uploads\/2023\/09\/Beneficios-de-los-listones-separadores-infografia-300x300.jpg 300w, https:\/\/www.comadera.com\/blog\/wp-content\/uploads\/2023\/09\/Beneficios-de-los-listones-separadores-infografia-150x150.jpg 150w, https:\/\/www.comadera.com\/blog\/wp-content\/uploads\/2023\/09\/Beneficios-de-los-listones-separadores-infografia-768x768.jpg 768w, https:\/\/www.comadera.com\/blog\/wp-content\/uploads\/2023\/09\/Beneficios-de-los-listones-separadores-infografia.jpg 1080w\" sizes=\"(max-width: 1024px) 100vw, 1024px\" \/><\/figure>\n<\/div>\n\n\n<h4 class=\"wp-block-heading\"><span class=\"ez-toc-section\" id=\"Calidad_y_precio_medida_liston_70_x_22_x_2750_mm\"><\/span><b>Calidad y precio, medida list\u00f3n 70 x 22 x 2750 mm:<\/b><span class=\"ez-toc-section-end\"><\/span><\/h4>\n\n\n\n<p>Una caracter\u00edstica destacada de las lamas de madera LMO es que la medida est\u00e1ndar m\u00e1s vendida es de 70 x 22 x 2750 mm en diferentes acabados. Esta dimensi\u00f3n vers\u00e1til es perfecta para una variedad de aplicaciones y estilos, asegurando la calidad y que se adapte a diferentes necesidades y preferencias con la posibilidad de stockar y ajustar los precios.<\/p>\n\n\n\n<p>Adem\u00e1s de la <a href=\"https:\/\/www.comadera.com\/productos-revestimientos-interiores\/listones-separadores-laminados-blanco-710-nucleo-mdf\">blanca<\/a> y la <a href=\"https:\/\/www.comadera.com\/productos-revestimientos-interiores\/listones-separadores-laminados-negro-713-nucleo-mdf\">negra<\/a> , los acabados en tonos de <a href=\"https:\/\/www.comadera.com\/productos-revestimientos-interiores\/listones-separadores-laminados-roble-natural-703-nucleo-mdf\">roble<\/a> son una imitaci\u00f3n de veta profunda de la madera real aporta un ambiente c\u00e1lido y acogedor al interior, el dise\u00f1o \u00fanico funciona perfectamente en interiores modernos y r\u00fasticos. Sorprendentemente, la instalaci\u00f3n en pocos pasos los convierte en una excelente opci\u00f3n para cualquiera.<\/p>\n\n\n\n<p>El laminado de cuatro caras nos permite dar rienda suelta a la creatividad y crear cualquier composici\u00f3n. Seg\u00fan cada preferencia, se puede fijar las lamas a la pared (u otro lugar elegido) con un lado m\u00e1s ancho o m\u00e1s corto, y la cantidad de soluciones disponibles hace que las lamas verticales de madera LMO sean adecuadas tanto para pisos m\u00e1s peque\u00f1os como m\u00e1s grandes.<\/p>\n\n\n<div class=\"wp-block-image\">\n<figure class=\"aligncenter\"><a href=\"https:\/\/www.comadera.com\/productos-revestimientos-interiores?_token=YgCvX5SrlRSNzbLb5aB0We48xSBXlf7A8fraNe85&amp;tipo_suelo=Tipo&amp;marca=LMO&amp;coleccion=Colecci%C3%B3n#search-anchor\"><img decoding=\"async\" width=\"1200\" height=\"168\" src=\"https:\/\/www.comadera.com\/blog\/wp-content\/uploads\/2023\/08\/LMO_Lamas_Comadera.png\" alt=\"Listones separadores de madera de dise\u00f1o LMO 70x22x2750mm\" class=\"wp-image-726\" srcset=\"https:\/\/www.comadera.com\/blog\/wp-content\/uploads\/2023\/08\/LMO_Lamas_Comadera.png 1200w, https:\/\/www.comadera.com\/blog\/wp-content\/uploads\/2023\/08\/LMO_Lamas_Comadera-300x42.png 300w, https:\/\/www.comadera.com\/blog\/wp-content\/uploads\/2023\/08\/LMO_Lamas_Comadera-1024x143.png 1024w, https:\/\/www.comadera.com\/blog\/wp-content\/uploads\/2023\/08\/LMO_Lamas_Comadera-768x108.png 768w\" sizes=\"(max-width: 1200px) 100vw, 1200px\" \/><\/a><figcaption class=\"wp-element-caption\">Lamas: 70 x 22 x 2750 mm<\/figcaption><\/figure>\n<\/div>\n\n\n<h3 class=\"wp-block-heading\"><span class=\"ez-toc-section\" id=\"Cuidado_y_mantenimiento_de_los_listones_de_madera\"><\/span><strong>Cuidado y mantenimiento<\/strong> de los listones de madera<span class=\"ez-toc-section-end\"><\/span><\/h3>\n\n\n\n<p>Para mantener el atractivo y la calidad de las lamas de madera, es importante seguir algunos consejos de cuidado. Regularmente, limpia el polvo acumulado con un pa\u00f1o suave o una aspiradora con accesorios adecuados. Si las lamas est\u00e1n barnizadas o tratadas, aseg\u00farate de seguir las recomendaciones del fabricante para mantener su acabado y durabilidad.<\/p>\n\n\n\n<p>En definitiva, las lamas laminadas de madera son elementos vers\u00e1tiles y elegantes que ofrecen la posibilidad de separar ambientes de manera funcional y estilizada. Su capacidad para permitir el paso de la luz, regular la privacidad y su potencial para la creatividad en el dise\u00f1o las convierten en una opci\u00f3n atractiva tanto en espacios residenciales como comerciales. Si buscas una soluci\u00f3n de dise\u00f1o que combine forma y funci\u00f3n de manera armoniosa, las lamas de madera podr\u00edan ser la respuesta que est\u00e1s buscando.&nbsp;<\/p>\n\n\n<div class=\"wp-block-image wp-image-743 size-large\">\n<figure class=\"aligncenter\"><img loading=\"lazy\" decoding=\"async\" width=\"1024\" height=\"614\" src=\"https:\/\/www.comadera.com\/blog\/wp-content\/uploads\/2023\/08\/Listones_Separadores_Comadera-1024x614.png\" alt=\"Listones separadores de madera de dise\u00f1o para Hotel\" class=\"wp-image-743\" srcset=\"https:\/\/www.comadera.com\/blog\/wp-content\/uploads\/2023\/08\/Listones_Separadores_Comadera-1024x614.png 1024w, https:\/\/www.comadera.com\/blog\/wp-content\/uploads\/2023\/08\/Listones_Separadores_Comadera-300x180.png 300w, https:\/\/www.comadera.com\/blog\/wp-content\/uploads\/2023\/08\/Listones_Separadores_Comadera-768x461.png 768w, https:\/\/www.comadera.com\/blog\/wp-content\/uploads\/2023\/08\/Listones_Separadores_Comadera.png 1239w\" sizes=\"(max-width: 1024px) 100vw, 1024px\" \/><figcaption class=\"wp-element-caption\">Listones Separadores Hotel LMO en Comadera<\/figcaption><\/figure>\n<\/div>\n\n\n<h4 class=\"wp-block-heading\"><span class=\"ez-toc-section\" id=\"Disponibilidad\"><\/span><strong>Disponibilidad:<\/strong><span class=\"ez-toc-section-end\"><\/span><\/h4>\n\n\n\n<p>Todos los profesionales del sector tienen la posibilidad de comprar el material directamente en el Almac\u00e9n Virtual de Comadera en el siguiente enlace:<\/p>\n\n\n\n<h2 class=\"wp-block-heading\"><span class=\"ez-toc-section\" id=\"VER_LISTONES_SEPARADORES_EN_EL_ALMACEN_VIRTUAL\"><\/span><a href=\"https:\/\/www.comadera.com\/productos-revestimientos-interiores?_token=YgCvX5SrlRSNzbLb5aB0We48xSBXlf7A8fraNe85&amp;tipo_suelo=Tipo&amp;marca=LMO&amp;coleccion=Colecci%C3%B3n#search-anchor\"><strong>VER LISTONES SEPARADORES EN EL ALMACEN VIRTUAL<\/strong><\/a>&nbsp;<span class=\"ez-toc-section-end\"><\/span><\/h2>\n","protected":false},"excerpt":{"rendered":"<p>\u00bfQu\u00e9 son los listones separadores de madera? En el mundo del dise\u00f1o de interiores, la b\u00fasqueda de soluciones vers\u00e1tiles y est\u00e9ticas para delimitar espacios ha llevado a la popularizaci\u00f3n de elementos como las lamas de madera. Estas esbeltas piezas de&#8230;<\/p>\n","protected":false},"author":1,"featured_media":739,"comment_status":"closed","ping_status":"open","sticky":false,"template":"","format":"standard","meta":{"_kad_post_transparent":"default","_kad_post_title":"default","_kad_post_layout":"default","_kad_post_sidebar_id":"","_kad_post_content_style":"default","_kad_post_vertical_padding":"default","_kad_post_feature":"","_kad_post_feature_position":"","_kad_post_header":false,"_kad_post_footer":false,"footnotes":""},"categories":[173,183],"tags":[178,171,84,170,176,177],"class_list":["post-715","post","type-post","status-publish","format-standard","has-post-thumbnail","hentry","category-informacion-sobre-producto","category-revestimiento-interior","tag-lamas-de-madera","tag-lamas-verticales","tag-listones","tag-listones-de-madera","tag-listones-separadores","tag-listones-verticales"],"yoast_head":"<!-- This site is optimized with the Yoast SEO plugin v27.4 - https:\/\/yoast.com\/product\/yoast-seo-wordpress\/ -->\n<title>Listones separadores de madera: como crear dos espacios en uno - Blog de Comadera<\/title>\n<meta name=\"description\" content=\"Explora las lamas o listones separadores de madera de dise\u00f1o interior, su versatilidad, calidez y personalizaci\u00f3n.\" \/>\n<meta name=\"robots\" content=\"index, follow, max-snippet:-1, max-image-preview:large, max-video-preview:-1\" \/>\n<link rel=\"canonical\" href=\"https:\/\/www.comadera.com\/blog\/lamas-de-madera-lmo-para-separar-ambientes-en-comadera\/\" \/>\n<meta property=\"og:locale\" content=\"es_ES\" \/>\n<meta property=\"og:type\" content=\"article\" \/>\n<meta property=\"og:title\" content=\"Listones separadores de madera: como crear dos espacios en uno - Blog de Comadera\" \/>\n<meta property=\"og:description\" content=\"Explora las lamas o listones separadores de madera de dise\u00f1o interior, su versatilidad, calidez y personalizaci\u00f3n.\" \/>\n<meta property=\"og:url\" content=\"https:\/\/www.comadera.com\/blog\/lamas-de-madera-lmo-para-separar-ambientes-en-comadera\/\" \/>\n<meta property=\"og:site_name\" content=\"Blog de Comadera\" \/>\n<meta property=\"article:published_time\" content=\"2023-09-13T08:00:19+00:00\" \/>\n<meta property=\"article:modified_time\" content=\"2026-03-03T14:44:08+00:00\" \/>\n<meta property=\"og:image\" content=\"https:\/\/www.comadera.com\/blog\/wp-content\/uploads\/2023\/08\/Listones_RobleCl702_Comadera.png\" \/>\n\t<meta property=\"og:image:width\" content=\"879\" \/>\n\t<meta property=\"og:image:height\" content=\"700\" \/>\n\t<meta property=\"og:image:type\" content=\"image\/png\" \/>\n<meta name=\"author\" content=\"Equipo Comadera\" \/>\n<meta name=\"twitter:card\" content=\"summary_large_image\" \/>\n<meta name=\"twitter:image\" content=\"https:\/\/www.comadera.com\/blog\/wp-content\/uploads\/2023\/08\/Listones_RobleCl702_Comadera.png\" \/>\n<meta name=\"twitter:label1\" content=\"Escrito por\" \/>\n\t<meta name=\"twitter:data1\" content=\"Equipo Comadera\" \/>\n\t<meta name=\"twitter:label2\" content=\"Tiempo de lectura\" \/>\n\t<meta name=\"twitter:data2\" content=\"7 minutos\" \/>\n<script type=\"application\/ld+json\" class=\"yoast-schema-graph\">{\"@context\":\"https:\\\/\\\/schema.org\",\"@graph\":[{\"@type\":\"Article\",\"@id\":\"https:\\\/\\\/www.comadera.com\\\/blog\\\/lamas-de-madera-lmo-para-separar-ambientes-en-comadera\\\/#article\",\"isPartOf\":{\"@id\":\"https:\\\/\\\/www.comadera.com\\\/blog\\\/lamas-de-madera-lmo-para-separar-ambientes-en-comadera\\\/\"},\"author\":{\"name\":\"Equipo Comadera\",\"@id\":\"https:\\\/\\\/www.comadera.com\\\/blog\\\/#\\\/schema\\\/person\\\/7e346eb59456354c24ea3e62cfa754da\"},\"headline\":\"Listones separadores de madera: como crear dos espacios en uno\",\"datePublished\":\"2023-09-13T08:00:19+00:00\",\"dateModified\":\"2026-03-03T14:44:08+00:00\",\"mainEntityOfPage\":{\"@id\":\"https:\\\/\\\/www.comadera.com\\\/blog\\\/lamas-de-madera-lmo-para-separar-ambientes-en-comadera\\\/\"},\"wordCount\":1214,\"publisher\":{\"@id\":\"https:\\\/\\\/www.comadera.com\\\/blog\\\/#organization\"},\"image\":{\"@id\":\"https:\\\/\\\/www.comadera.com\\\/blog\\\/lamas-de-madera-lmo-para-separar-ambientes-en-comadera\\\/#primaryimage\"},\"thumbnailUrl\":\"https:\\\/\\\/www.comadera.com\\\/blog\\\/wp-content\\\/uploads\\\/2023\\\/08\\\/Listones_RobleCl702_Comadera.png\",\"keywords\":[\"lamas de madera\",\"lamas verticales\",\"Listones\",\"listones de madera\",\"listones separadores\",\"listones verticales\"],\"articleSection\":[\"Informaci\u00f3n sobre productos\",\"Revestimiento interior\"],\"inLanguage\":\"es\"},{\"@type\":\"WebPage\",\"@id\":\"https:\\\/\\\/www.comadera.com\\\/blog\\\/lamas-de-madera-lmo-para-separar-ambientes-en-comadera\\\/\",\"url\":\"https:\\\/\\\/www.comadera.com\\\/blog\\\/lamas-de-madera-lmo-para-separar-ambientes-en-comadera\\\/\",\"name\":\"Listones separadores de madera: como crear dos espacios en uno - Blog de Comadera\",\"isPartOf\":{\"@id\":\"https:\\\/\\\/www.comadera.com\\\/blog\\\/#website\"},\"primaryImageOfPage\":{\"@id\":\"https:\\\/\\\/www.comadera.com\\\/blog\\\/lamas-de-madera-lmo-para-separar-ambientes-en-comadera\\\/#primaryimage\"},\"image\":{\"@id\":\"https:\\\/\\\/www.comadera.com\\\/blog\\\/lamas-de-madera-lmo-para-separar-ambientes-en-comadera\\\/#primaryimage\"},\"thumbnailUrl\":\"https:\\\/\\\/www.comadera.com\\\/blog\\\/wp-content\\\/uploads\\\/2023\\\/08\\\/Listones_RobleCl702_Comadera.png\",\"datePublished\":\"2023-09-13T08:00:19+00:00\",\"dateModified\":\"2026-03-03T14:44:08+00:00\",\"description\":\"Explora las lamas o listones separadores de madera de dise\u00f1o interior, su versatilidad, calidez y personalizaci\u00f3n.\",\"breadcrumb\":{\"@id\":\"https:\\\/\\\/www.comadera.com\\\/blog\\\/lamas-de-madera-lmo-para-separar-ambientes-en-comadera\\\/#breadcrumb\"},\"inLanguage\":\"es\",\"potentialAction\":[{\"@type\":\"ReadAction\",\"target\":[\"https:\\\/\\\/www.comadera.com\\\/blog\\\/lamas-de-madera-lmo-para-separar-ambientes-en-comadera\\\/\"]}]},{\"@type\":\"ImageObject\",\"inLanguage\":\"es\",\"@id\":\"https:\\\/\\\/www.comadera.com\\\/blog\\\/lamas-de-madera-lmo-para-separar-ambientes-en-comadera\\\/#primaryimage\",\"url\":\"https:\\\/\\\/www.comadera.com\\\/blog\\\/wp-content\\\/uploads\\\/2023\\\/08\\\/Listones_RobleCl702_Comadera.png\",\"contentUrl\":\"https:\\\/\\\/www.comadera.com\\\/blog\\\/wp-content\\\/uploads\\\/2023\\\/08\\\/Listones_RobleCl702_Comadera.png\",\"width\":879,\"height\":700,\"caption\":\"Listones de Roble Claro de comadera, para separar espacios interiores.\"},{\"@type\":\"BreadcrumbList\",\"@id\":\"https:\\\/\\\/www.comadera.com\\\/blog\\\/lamas-de-madera-lmo-para-separar-ambientes-en-comadera\\\/#breadcrumb\",\"itemListElement\":[{\"@type\":\"ListItem\",\"position\":1,\"name\":\"Portada\",\"item\":\"https:\\\/\\\/www.comadera.com\\\/blog\\\/\"},{\"@type\":\"ListItem\",\"position\":2,\"name\":\"Listones separadores de madera: como crear dos espacios en uno\"}]},{\"@type\":\"WebSite\",\"@id\":\"https:\\\/\\\/www.comadera.com\\\/blog\\\/#website\",\"url\":\"https:\\\/\\\/www.comadera.com\\\/blog\\\/\",\"name\":\"Blog de Comadera\",\"description\":\"Tecnolog\u00eda e ideas sobre materiales de carpinter\u00eda y madera.\",\"publisher\":{\"@id\":\"https:\\\/\\\/www.comadera.com\\\/blog\\\/#organization\"},\"potentialAction\":[{\"@type\":\"SearchAction\",\"target\":{\"@type\":\"EntryPoint\",\"urlTemplate\":\"https:\\\/\\\/www.comadera.com\\\/blog\\\/?s={search_term_string}\"},\"query-input\":{\"@type\":\"PropertyValueSpecification\",\"valueRequired\":true,\"valueName\":\"search_term_string\"}}],\"inLanguage\":\"es\"},{\"@type\":\"Organization\",\"@id\":\"https:\\\/\\\/www.comadera.com\\\/blog\\\/#organization\",\"name\":\"Blog de Comadera\",\"url\":\"https:\\\/\\\/www.comadera.com\\\/blog\\\/\",\"logo\":{\"@type\":\"ImageObject\",\"inLanguage\":\"es\",\"@id\":\"https:\\\/\\\/www.comadera.com\\\/blog\\\/#\\\/schema\\\/logo\\\/image\\\/\",\"url\":\"https:\\\/\\\/www.comadera.com\\\/blog\\\/wp-content\\\/uploads\\\/2025\\\/10\\\/cropped-comadera_blog_logo-web-comadera-blog.webp\",\"contentUrl\":\"https:\\\/\\\/www.comadera.com\\\/blog\\\/wp-content\\\/uploads\\\/2025\\\/10\\\/cropped-comadera_blog_logo-web-comadera-blog.webp\",\"width\":474,\"height\":151,\"caption\":\"Blog de Comadera\"},\"image\":{\"@id\":\"https:\\\/\\\/www.comadera.com\\\/blog\\\/#\\\/schema\\\/logo\\\/image\\\/\"}},{\"@type\":\"Person\",\"@id\":\"https:\\\/\\\/www.comadera.com\\\/blog\\\/#\\\/schema\\\/person\\\/7e346eb59456354c24ea3e62cfa754da\",\"name\":\"Equipo Comadera\",\"image\":{\"@type\":\"ImageObject\",\"inLanguage\":\"es\",\"@id\":\"https:\\\/\\\/secure.gravatar.com\\\/avatar\\\/07755933535ce3acff35d7e35bf0086dd75b31bb7cf7cf8186456914c3df6a63?s=96&d=mm&r=g\",\"url\":\"https:\\\/\\\/secure.gravatar.com\\\/avatar\\\/07755933535ce3acff35d7e35bf0086dd75b31bb7cf7cf8186456914c3df6a63?s=96&d=mm&r=g\",\"contentUrl\":\"https:\\\/\\\/secure.gravatar.com\\\/avatar\\\/07755933535ce3acff35d7e35bf0086dd75b31bb7cf7cf8186456914c3df6a63?s=96&d=mm&r=g\",\"caption\":\"Equipo Comadera\"},\"sameAs\":[\"https:\\\/\\\/www.comadera.com\\\/blog\"],\"url\":\"https:\\\/\\\/www.comadera.com\\\/blog\\\/author\\\/kudeatzailea\\\/\"}]}<\/script>\n<!-- \/ Yoast SEO plugin. -->","yoast_head_json":{"title":"Listones separadores de madera: como crear dos espacios en uno - Blog de Comadera","description":"Explora las lamas o listones separadores de madera de dise\u00f1o interior, su versatilidad, calidez y personalizaci\u00f3n.","robots":{"index":"index","follow":"follow","max-snippet":"max-snippet:-1","max-image-preview":"max-image-preview:large","max-video-preview":"max-video-preview:-1"},"canonical":"https:\/\/www.comadera.com\/blog\/lamas-de-madera-lmo-para-separar-ambientes-en-comadera\/","og_locale":"es_ES","og_type":"article","og_title":"Listones separadores de madera: como crear dos espacios en uno - Blog de Comadera","og_description":"Explora las lamas o listones separadores de madera de dise\u00f1o interior, su versatilidad, calidez y personalizaci\u00f3n.","og_url":"https:\/\/www.comadera.com\/blog\/lamas-de-madera-lmo-para-separar-ambientes-en-comadera\/","og_site_name":"Blog de Comadera","article_published_time":"2023-09-13T08:00:19+00:00","article_modified_time":"2026-03-03T14:44:08+00:00","og_image":[{"width":879,"height":700,"url":"https:\/\/www.comadera.com\/blog\/wp-content\/uploads\/2023\/08\/Listones_RobleCl702_Comadera.png","type":"image\/png"}],"author":"Equipo Comadera","twitter_card":"summary_large_image","twitter_image":"https:\/\/www.comadera.com\/blog\/wp-content\/uploads\/2023\/08\/Listones_RobleCl702_Comadera.png","twitter_misc":{"Escrito por":"Equipo Comadera","Tiempo de lectura":"7 minutos"},"schema":{"@context":"https:\/\/schema.org","@graph":[{"@type":"Article","@id":"https:\/\/www.comadera.com\/blog\/lamas-de-madera-lmo-para-separar-ambientes-en-comadera\/#article","isPartOf":{"@id":"https:\/\/www.comadera.com\/blog\/lamas-de-madera-lmo-para-separar-ambientes-en-comadera\/"},"author":{"name":"Equipo Comadera","@id":"https:\/\/www.comadera.com\/blog\/#\/schema\/person\/7e346eb59456354c24ea3e62cfa754da"},"headline":"Listones separadores de madera: como crear dos espacios en uno","datePublished":"2023-09-13T08:00:19+00:00","dateModified":"2026-03-03T14:44:08+00:00","mainEntityOfPage":{"@id":"https:\/\/www.comadera.com\/blog\/lamas-de-madera-lmo-para-separar-ambientes-en-comadera\/"},"wordCount":1214,"publisher":{"@id":"https:\/\/www.comadera.com\/blog\/#organization"},"image":{"@id":"https:\/\/www.comadera.com\/blog\/lamas-de-madera-lmo-para-separar-ambientes-en-comadera\/#primaryimage"},"thumbnailUrl":"https:\/\/www.comadera.com\/blog\/wp-content\/uploads\/2023\/08\/Listones_RobleCl702_Comadera.png","keywords":["lamas de madera","lamas verticales","Listones","listones de madera","listones separadores","listones verticales"],"articleSection":["Informaci\u00f3n sobre productos","Revestimiento interior"],"inLanguage":"es"},{"@type":"WebPage","@id":"https:\/\/www.comadera.com\/blog\/lamas-de-madera-lmo-para-separar-ambientes-en-comadera\/","url":"https:\/\/www.comadera.com\/blog\/lamas-de-madera-lmo-para-separar-ambientes-en-comadera\/","name":"Listones separadores de madera: como crear dos espacios en uno - Blog de Comadera","isPartOf":{"@id":"https:\/\/www.comadera.com\/blog\/#website"},"primaryImageOfPage":{"@id":"https:\/\/www.comadera.com\/blog\/lamas-de-madera-lmo-para-separar-ambientes-en-comadera\/#primaryimage"},"image":{"@id":"https:\/\/www.comadera.com\/blog\/lamas-de-madera-lmo-para-separar-ambientes-en-comadera\/#primaryimage"},"thumbnailUrl":"https:\/\/www.comadera.com\/blog\/wp-content\/uploads\/2023\/08\/Listones_RobleCl702_Comadera.png","datePublished":"2023-09-13T08:00:19+00:00","dateModified":"2026-03-03T14:44:08+00:00","description":"Explora las lamas o listones separadores de madera de dise\u00f1o interior, su versatilidad, calidez y personalizaci\u00f3n.","breadcrumb":{"@id":"https:\/\/www.comadera.com\/blog\/lamas-de-madera-lmo-para-separar-ambientes-en-comadera\/#breadcrumb"},"inLanguage":"es","potentialAction":[{"@type":"ReadAction","target":["https:\/\/www.comadera.com\/blog\/lamas-de-madera-lmo-para-separar-ambientes-en-comadera\/"]}]},{"@type":"ImageObject","inLanguage":"es","@id":"https:\/\/www.comadera.com\/blog\/lamas-de-madera-lmo-para-separar-ambientes-en-comadera\/#primaryimage","url":"https:\/\/www.comadera.com\/blog\/wp-content\/uploads\/2023\/08\/Listones_RobleCl702_Comadera.png","contentUrl":"https:\/\/www.comadera.com\/blog\/wp-content\/uploads\/2023\/08\/Listones_RobleCl702_Comadera.png","width":879,"height":700,"caption":"Listones de Roble Claro de comadera, para separar espacios interiores."},{"@type":"BreadcrumbList","@id":"https:\/\/www.comadera.com\/blog\/lamas-de-madera-lmo-para-separar-ambientes-en-comadera\/#breadcrumb","itemListElement":[{"@type":"ListItem","position":1,"name":"Portada","item":"https:\/\/www.comadera.com\/blog\/"},{"@type":"ListItem","position":2,"name":"Listones separadores de madera: como crear dos espacios en uno"}]},{"@type":"WebSite","@id":"https:\/\/www.comadera.com\/blog\/#website","url":"https:\/\/www.comadera.com\/blog\/","name":"Blog de Comadera","description":"Tecnolog\u00eda e ideas sobre materiales de carpinter\u00eda y madera.","publisher":{"@id":"https:\/\/www.comadera.com\/blog\/#organization"},"potentialAction":[{"@type":"SearchAction","target":{"@type":"EntryPoint","urlTemplate":"https:\/\/www.comadera.com\/blog\/?s={search_term_string}"},"query-input":{"@type":"PropertyValueSpecification","valueRequired":true,"valueName":"search_term_string"}}],"inLanguage":"es"},{"@type":"Organization","@id":"https:\/\/www.comadera.com\/blog\/#organization","name":"Blog de Comadera","url":"https:\/\/www.comadera.com\/blog\/","logo":{"@type":"ImageObject","inLanguage":"es","@id":"https:\/\/www.comadera.com\/blog\/#\/schema\/logo\/image\/","url":"https:\/\/www.comadera.com\/blog\/wp-content\/uploads\/2025\/10\/cropped-comadera_blog_logo-web-comadera-blog.webp","contentUrl":"https:\/\/www.comadera.com\/blog\/wp-content\/uploads\/2025\/10\/cropped-comadera_blog_logo-web-comadera-blog.webp","width":474,"height":151,"caption":"Blog de Comadera"},"image":{"@id":"https:\/\/www.comadera.com\/blog\/#\/schema\/logo\/image\/"}},{"@type":"Person","@id":"https:\/\/www.comadera.com\/blog\/#\/schema\/person\/7e346eb59456354c24ea3e62cfa754da","name":"Equipo Comadera","image":{"@type":"ImageObject","inLanguage":"es","@id":"https:\/\/secure.gravatar.com\/avatar\/07755933535ce3acff35d7e35bf0086dd75b31bb7cf7cf8186456914c3df6a63?s=96&d=mm&r=g","url":"https:\/\/secure.gravatar.com\/avatar\/07755933535ce3acff35d7e35bf0086dd75b31bb7cf7cf8186456914c3df6a63?s=96&d=mm&r=g","contentUrl":"https:\/\/secure.gravatar.com\/avatar\/07755933535ce3acff35d7e35bf0086dd75b31bb7cf7cf8186456914c3df6a63?s=96&d=mm&r=g","caption":"Equipo Comadera"},"sameAs":["https:\/\/www.comadera.com\/blog"],"url":"https:\/\/www.comadera.com\/blog\/author\/kudeatzailea\/"}]}},"_links":{"self":[{"href":"https:\/\/www.comadera.com\/blog\/wp-json\/wp\/v2\/posts\/715","targetHints":{"allow":["GET"]}}],"collection":[{"href":"https:\/\/www.comadera.com\/blog\/wp-json\/wp\/v2\/posts"}],"about":[{"href":"https:\/\/www.comadera.com\/blog\/wp-json\/wp\/v2\/types\/post"}],"author":[{"embeddable":true,"href":"https:\/\/www.comadera.com\/blog\/wp-json\/wp\/v2\/users\/1"}],"replies":[{"embeddable":true,"href":"https:\/\/www.comadera.com\/blog\/wp-json\/wp\/v2\/comments?post=715"}],"version-history":[{"count":41,"href":"https:\/\/www.comadera.com\/blog\/wp-json\/wp\/v2\/posts\/715\/revisions"}],"predecessor-version":[{"id":1216,"href":"https:\/\/www.comadera.com\/blog\/wp-json\/wp\/v2\/posts\/715\/revisions\/1216"}],"wp:featuredmedia":[{"embeddable":true,"href":"https:\/\/www.comadera.com\/blog\/wp-json\/wp\/v2\/media\/739"}],"wp:attachment":[{"href":"https:\/\/www.comadera.com\/blog\/wp-json\/wp\/v2\/media?parent=715"}],"wp:term":[{"taxonomy":"category","embeddable":true,"href":"https:\/\/www.comadera.com\/blog\/wp-json\/wp\/v2\/categories?post=715"},{"taxonomy":"post_tag","embeddable":true,"href":"https:\/\/www.comadera.com\/blog\/wp-json\/wp\/v2\/tags?post=715"}],"curies":[{"name":"wp","href":"https:\/\/api.w.org\/{rel}","templated":true}]}}