{"id":587,"date":"2023-05-03T11:42:33","date_gmt":"2023-05-03T09:42:33","guid":{"rendered":"https:\/\/www.comadera.com\/blog\/?p=587"},"modified":"2026-03-03T15:44:08","modified_gmt":"2026-03-03T14:44:08","slug":"decorar-tu-balcon-y-aprovecha-el-buen-tiempo","status":"publish","type":"post","link":"https:\/\/www.comadera.com\/blog\/decorar-tu-balcon-y-aprovecha-el-buen-tiempo\/","title":{"rendered":"\u00bfC\u00f3mo decorar tu balc\u00f3n este 2023?"},"content":{"rendered":"<p><span style=\"font-weight: 400;\">\u00a1Hola a todos!<\/span><\/p>\n<p>Bienvenidos una vez m\u00e1s al blog de <a href=\"https:\/\/www.comadera.com\/productos-suelos-interior\"><strong>Comadera<\/strong><\/a>.<\/p>\n<p><span style=\"font-weight: 400;\">En el post de hoy queremos dar la bienvenida al <\/span><b>calor<\/b><span style=\"font-weight: 400;\"> y a las <\/span><b>noches largas<\/b><span style=\"font-weight: 400;\">. Por fin dejamos atr\u00e1s el fr\u00edo invierno y empezamos a disfrutar de la temporada de <\/span><b>terrazas<\/b><span style=\"font-weight: 400;\">. Por eso queremos presentaros algunas ideas de <\/span><b>reforma<\/b><span style=\"font-weight: 400;\"> para aprovechar al m\u00e1ximo<\/span><span style=\"font-weight: 400;\"> las c\u00e1lidas temperaturas y disfrutar de los atardeceres que empiezan a presentarse.<\/span><\/p>\n<p><span style=\"font-weight: 400;\">Hace un par de veranos, suministramos productos para realizar el <\/span><b>revestimiento<\/b><span style=\"font-weight: 400;\"> en este jard\u00edn, y nos gustaron tanto los resultados que quer\u00edamos aprovechar para ense\u00f1arlo y daros algunos tips para hacer de vuestra terraza un lugar a\u00fan m\u00e1s acogedor.<\/span><\/p>\n<p><a href=\"https:\/\/www.comadera.com\/\"><img fetchpriority=\"high\" decoding=\"async\" class=\"wp-image-588 aligncenter\" src=\"https:\/\/www.comadera.com\/blog\/wp-content\/uploads\/2023\/05\/Deck-Composite-Comadera-6-300x169.jpeg\" alt=\"Revestimiento terraza exterior con piscina.\" width=\"789\" height=\"444\" srcset=\"https:\/\/www.comadera.com\/blog\/wp-content\/uploads\/2023\/05\/Deck-Composite-Comadera-6-300x169.jpeg 300w, https:\/\/www.comadera.com\/blog\/wp-content\/uploads\/2023\/05\/Deck-Composite-Comadera-6-1024x576.jpeg 1024w, https:\/\/www.comadera.com\/blog\/wp-content\/uploads\/2023\/05\/Deck-Composite-Comadera-6-768x432.jpeg 768w, https:\/\/www.comadera.com\/blog\/wp-content\/uploads\/2023\/05\/Deck-Composite-Comadera-6-1536x864.jpeg 1536w, https:\/\/www.comadera.com\/blog\/wp-content\/uploads\/2023\/05\/Deck-Composite-Comadera-6.jpeg 2048w\" sizes=\"(max-width: 789px) 100vw, 789px\" \/><\/a><\/p>\n<p><span style=\"font-weight: 400;\">Este 2023 ser\u00e1n <\/span><b>tendencia<\/b><span style=\"font-weight: 400;\"> las decoraciones con materiales de <\/span><b>madera<\/b><span style=\"font-weight: 400;\">, <\/span><b>mimbre<\/b><span style=\"font-weight: 400;\">, o <\/span><b>bamb\u00fa <\/b><span style=\"font-weight: 400;\">que le den un toque <\/span><b>natural <\/b><span style=\"font-weight: 400;\">a tu jard\u00edn o terraza. Adem\u00e1s, son <\/span><b>materiales sostenibles<\/b><span style=\"font-weight: 400;\"> que contribuyen al bienestar de nuestro planeta. As\u00ed que si te interesa estar a la <\/span><b>moda<\/b><span style=\"font-weight: 400;\">, la <\/span><b>decoraci\u00f3n<\/b><span style=\"font-weight: 400;\">, y cuidar del <\/span><b>medioambiente<\/b><span style=\"font-weight: 400;\">, aqu\u00ed te traemos los 5 imprescindibles para darle un aire nuevo a tu <\/span><b>balc\u00f3n<\/b><span style=\"font-weight: 400;\">:<\/span><\/p>\n<p><span style=\"font-weight: 400;\">En primer lugar queremos presentaros los nuevos suelos de <\/span><a href=\"https:\/\/www.comadera.com\/productos-suelos-revestimientos-exteriores?modified_search=true&amp;term_desk=cdeck+wuude#search-anchor\"><b>CDECK WUUDE <\/b><\/a><span style=\"font-weight: 400;\">disponibles ya en la plataforma de<\/span> <a href=\"https:\/\/www.comadera.com\/\"><b>Comadera<\/b><\/a><span style=\"font-weight: 400;\">. Son estupendos para decorar terrazas <\/span><b>exteriores<\/b><span style=\"font-weight: 400;\">, tanto en el \u00e1mbito <\/span><b>p\u00fablico <\/b><span style=\"font-weight: 400;\">como en <\/span><b>espacios privados<\/b><span style=\"font-weight: 400;\">. Si quieres un <\/span><b>elegante suelo <\/b><span style=\"font-weight: 400;\">de madera para tu terraza, pero te quieres despreocupar de los <\/span><b>rayones <\/b><span style=\"font-weight: 400;\">de las sillas, los suelos dif\u00edciles de limpiar, o, te preocupan los destrozos que causan las tormentas de verano, no puedes perd\u00e9rtelo.<\/span><\/p>\n<p><img decoding=\"async\" class=\" wp-image-633 aligncenter\" src=\"https:\/\/www.comadera.com\/blog\/wp-content\/uploads\/2023\/05\/IHT_CDECK_WUUDE_DEU08230AW_AMERICANWALLNUT_2_COMADERA-1-1-300x252.jpg\" alt=\"\" width=\"888\" height=\"745\" srcset=\"https:\/\/www.comadera.com\/blog\/wp-content\/uploads\/2023\/05\/IHT_CDECK_WUUDE_DEU08230AW_AMERICANWALLNUT_2_COMADERA-1-1-300x252.jpg 300w, https:\/\/www.comadera.com\/blog\/wp-content\/uploads\/2023\/05\/IHT_CDECK_WUUDE_DEU08230AW_AMERICANWALLNUT_2_COMADERA-1-1-768x645.jpg 768w, https:\/\/www.comadera.com\/blog\/wp-content\/uploads\/2023\/05\/IHT_CDECK_WUUDE_DEU08230AW_AMERICANWALLNUT_2_COMADERA-1-1.jpg 953w\" sizes=\"(max-width: 888px) 100vw, 888px\" \/><\/p>\n<p><span style=\"font-weight: 400;\">Es un tipo de suelo muy <\/span><b>f\u00e1cil de cuidar y mantener<\/b><span style=\"font-weight: 400;\">, pero, es conveniente lavarlos con frecuencia para evitar cualquier tipo de deterioro del material. La mejor opci\u00f3n ser\u00eda hacerlo con una m\u00e1quina de presi\u00f3n, pero tambi\u00e9n se podr\u00edan lavar las <\/span><b>lamas <\/b><span style=\"font-weight: 400;\">con lej\u00eda.<\/span><\/p>\n<p><img decoding=\"async\" class=\"wp-image-620 aligncenter\" src=\"https:\/\/www.comadera.com\/blog\/wp-content\/uploads\/2023\/05\/WhatsApp-Image-2023-03-30-at-16.04.49-300x225.jpeg\" alt=\"\" width=\"900\" height=\"675\" srcset=\"https:\/\/www.comadera.com\/blog\/wp-content\/uploads\/2023\/05\/WhatsApp-Image-2023-03-30-at-16.04.49-300x225.jpeg 300w, https:\/\/www.comadera.com\/blog\/wp-content\/uploads\/2023\/05\/WhatsApp-Image-2023-03-30-at-16.04.49-1024x768.jpeg 1024w, https:\/\/www.comadera.com\/blog\/wp-content\/uploads\/2023\/05\/WhatsApp-Image-2023-03-30-at-16.04.49-768x576.jpeg 768w, https:\/\/www.comadera.com\/blog\/wp-content\/uploads\/2023\/05\/WhatsApp-Image-2023-03-30-at-16.04.49-1536x1152.jpeg 1536w, https:\/\/www.comadera.com\/blog\/wp-content\/uploads\/2023\/05\/WhatsApp-Image-2023-03-30-at-16.04.49.jpeg 1600w\" sizes=\"(max-width: 900px) 100vw, 900px\" \/><\/p>\n<p><img loading=\"lazy\" decoding=\"async\" class=\"wp-image-621 aligncenter\" src=\"https:\/\/www.comadera.com\/blog\/wp-content\/uploads\/2023\/05\/WhatsApp-Image-2023-03-30-at-16.04.49-1-300x225.jpeg\" alt=\"\" width=\"901\" height=\"676\" srcset=\"https:\/\/www.comadera.com\/blog\/wp-content\/uploads\/2023\/05\/WhatsApp-Image-2023-03-30-at-16.04.49-1-300x225.jpeg 300w, https:\/\/www.comadera.com\/blog\/wp-content\/uploads\/2023\/05\/WhatsApp-Image-2023-03-30-at-16.04.49-1-1024x768.jpeg 1024w, https:\/\/www.comadera.com\/blog\/wp-content\/uploads\/2023\/05\/WhatsApp-Image-2023-03-30-at-16.04.49-1-768x576.jpeg 768w, https:\/\/www.comadera.com\/blog\/wp-content\/uploads\/2023\/05\/WhatsApp-Image-2023-03-30-at-16.04.49-1-1536x1152.jpeg 1536w, https:\/\/www.comadera.com\/blog\/wp-content\/uploads\/2023\/05\/WhatsApp-Image-2023-03-30-at-16.04.49-1.jpeg 1600w\" sizes=\"(max-width: 901px) 100vw, 901px\" \/><\/p>\n<p><img loading=\"lazy\" decoding=\"async\" class=\" wp-image-622 aligncenter\" src=\"https:\/\/www.comadera.com\/blog\/wp-content\/uploads\/2023\/05\/WhatsApp-Image-2023-04-04-at-10.14.17-225x300.jpeg\" alt=\"\" width=\"900\" height=\"1200\" srcset=\"https:\/\/www.comadera.com\/blog\/wp-content\/uploads\/2023\/05\/WhatsApp-Image-2023-04-04-at-10.14.17-225x300.jpeg 225w, https:\/\/www.comadera.com\/blog\/wp-content\/uploads\/2023\/05\/WhatsApp-Image-2023-04-04-at-10.14.17.jpeg 768w\" sizes=\"(max-width: 900px) 100vw, 900px\" \/><\/p>\n<p><span style=\"font-weight: 400;\">Son estupendas tanto para <\/span><b>superficies lisas<\/b><span style=\"font-weight: 400;\"> como para <\/span><b>escaleras<\/b><span style=\"font-weight: 400;\">. Y est\u00e1n disponibles en <\/span><b>diferentes colores<\/b><span style=\"font-weight: 400;\">, para que elijas la opci\u00f3n que mejor encaje con tu terraza y tu personalidad. Las lamas <\/span><a href=\"https:\/\/www.comadera.com\/productos-suelos-revestimientos-exteriores\"><b>CDECK WUUDE<\/b><\/a><span style=\"font-weight: 400;\"> son altamente <\/span><b>resistentes al agua <\/b><span style=\"font-weight: 400;\">y a la <\/span><b>radiaci\u00f3n UV<\/b><span style=\"font-weight: 400;\">, lo que garantiza que la variaci\u00f3n de color sea m\u00ednima a lo largo del tiempo, por lo que se convierten en opciones perfectas para zonas con <\/span><b>piscina<\/b><span style=\"font-weight: 400;\">, o terrazas de <\/span><b>bares <\/b><span style=\"font-weight: 400;\">y <\/span><b>restaurantes<\/b><span style=\"font-weight: 400;\">.<\/span><\/p>\n<p><span style=\"font-weight: 400;\">Para decorar estos suelos, no nos puede faltar un <\/span><b>bonito y c\u00f3modo<\/b> <b>dise\u00f1o <\/b><span style=\"font-weight: 400;\">de <\/span><b>sillas <\/b><span style=\"font-weight: 400;\">en los que poder relajarnos y disfrutar de una desconexi\u00f3n total. A nosotros nos ha encantado el <\/span><a href=\"https:\/\/kavehome.com\/es\/es\/p\/set-de-exterior-vilma-de-sofa-2-sillones-y-mesa-de-centro-madera-maciza-acacia-fsc-100\"><b>Set de exterior<\/b><\/a><span style=\"font-weight: 400;\"> \u2018Vilma\u2019 de <a href=\"https:\/\/kavehome.com\/es\/es\/\"><strong>Kave Home<\/strong><\/a>, con un sof\u00e1, 2 <\/span><b>sillones <\/b><span style=\"font-weight: 400;\">y <\/span><b>mesa <\/b><span style=\"font-weight: 400;\">de centro madera maciza <\/span><b>acacia <\/b><span style=\"font-weight: 400;\">FSC 100%, con materiales que provienen de <\/span><b>bosques sostenibles <\/b><span style=\"font-weight: 400;\">y una <\/span><b>tala controlada<\/b><span style=\"font-weight: 400;\">. Adem\u00e1s se pueden decorar con bonitos cojines color pastel, como podemos ver en estas im\u00e1genes, que le dan un aspecto m\u00e1gico \ud83d\ude0d\u200a<\/span><\/p>\n<figure id=\"attachment_592\" aria-describedby=\"caption-attachment-592\" style=\"width: 780px\" class=\"wp-caption aligncenter\"><a href=\"https:\/\/kavehome.com\/es\/es\/p\/set-de-exterior-vilma-de-sofa-2-sillones-y-mesa-de-centro-madera-maciza-acacia-fsc-100\"><img loading=\"lazy\" decoding=\"async\" class=\"wp-image-592\" src=\"https:\/\/www.comadera.com\/blog\/wp-content\/uploads\/2023\/05\/TAMANO-PARA-MAILSBLOGS-2-300x127.jpg\" alt=\"Kit de sillas y mesa para terraza.\" width=\"780\" height=\"330\" srcset=\"https:\/\/www.comadera.com\/blog\/wp-content\/uploads\/2023\/05\/TAMANO-PARA-MAILSBLOGS-2-300x127.jpg 300w, https:\/\/www.comadera.com\/blog\/wp-content\/uploads\/2023\/05\/TAMANO-PARA-MAILSBLOGS-2-768x326.jpg 768w, https:\/\/www.comadera.com\/blog\/wp-content\/uploads\/2023\/05\/TAMANO-PARA-MAILSBLOGS-2.jpg 839w\" sizes=\"(max-width: 780px) 100vw, 780px\" \/><\/a><figcaption id=\"caption-attachment-592\" class=\"wp-caption-text\">Set de sillas y mesa de Kave Home.<\/figcaption><\/figure>\n<p><span style=\"font-weight: 400;\">Si no te va lo cl\u00e1sico y prefieres algo m\u00e1s rompedor, lo que necesitas son unos <\/span><a href=\"https:\/\/mondecoshop.com\/textil\/cojin-etnico-color-surt-rectangular\/\"><b>cojines \u201cecofriendly\u201d<\/b><\/a><span style=\"font-weight: 400;\"> con <\/span><b>estampados \u00e9tnicos<\/b><span style=\"font-weight: 400;\"> para estilizar tus muebles. A nosotros nos han gustado mucho los de <\/span><a href=\"https:\/\/mondecoshop.com\/\"><b>Mon Deco Shop<\/b><\/a><span style=\"font-weight: 400;\"> porque est\u00e1n creados con algod\u00f3n 100% reciclado, y adem\u00e1s est\u00e1n disponibles en tres colores que est\u00e1n s\u00faper de moda: mostaza, verde oscuro, y terracota. Su relleno es extra\u00edble as\u00ed que no habr\u00e1 problemas para lavar la funda, siempre y cuando lo hagamos con agua fr\u00eda.<\/span><\/p>\n<figure id=\"attachment_593\" aria-describedby=\"caption-attachment-593\" style=\"width: 690px\" class=\"wp-caption aligncenter\"><a href=\"https:\/\/mondecoshop.com\/textil\/cojin-etnico-color-surt-rectangular\/\"><img loading=\"lazy\" decoding=\"async\" class=\"wp-image-593\" src=\"https:\/\/www.comadera.com\/blog\/wp-content\/uploads\/2023\/05\/TAMANO-PARA-MAILSBLOGS-14-300x163.png\" alt=\"Cojines ecofriendly con estampado \u00e9tnico.\" width=\"690\" height=\"375\" srcset=\"https:\/\/www.comadera.com\/blog\/wp-content\/uploads\/2023\/05\/TAMANO-PARA-MAILSBLOGS-14-300x163.png 300w, https:\/\/www.comadera.com\/blog\/wp-content\/uploads\/2023\/05\/TAMANO-PARA-MAILSBLOGS-14-768x418.png 768w, https:\/\/www.comadera.com\/blog\/wp-content\/uploads\/2023\/05\/TAMANO-PARA-MAILSBLOGS-14.png 852w\" sizes=\"(max-width: 690px) 100vw, 690px\" \/><\/a><figcaption id=\"caption-attachment-593\" class=\"wp-caption-text\">Cojines con estampado \u00e9tnico de Mon Deco Shop<\/figcaption><\/figure>\n<p><span style=\"font-weight: 400;\">Para dar vida a las paredes de tu terraza o balc\u00f3n, te traemos el pack de 3 <\/span><a href=\"https:\/\/www.ekohunters.com\/es\/accesorios-del-hogar-y-oficina\/accesorios-decoracion\/jarrones-y-macetas\/pack-macetas-pared-funda\"><b>macetas <\/b><\/a><span style=\"font-weight: 400;\">de pared con funda y riego de <\/span><a href=\"https:\/\/www.ekohunters.com\/es\/\"><b>Ekohunters<\/b><\/a><span style=\"font-weight: 400;\">.<\/span> <span style=\"font-weight: 400;\">Son perfectas tanto para decorar interiores como exteriores, y, pese a que pod\u00e9is utilizarlos con plantas naturales y artificiales, pensamos que es la mejor idea ser\u00eda optar por lo natural. Estas macetas est\u00e1n hechas con <\/span><b>materiales 100% reciclados y reciclables<\/b><span style=\"font-weight: 400;\">, y adem\u00e1s est\u00e1n 100% <\/span><b>libres de t\u00f3xicos<\/b><span style=\"font-weight: 400;\">. Por eso, pensamos que algunas de las mejores opciones para decorar estos maceteros son los claveles, lavanda o geranios, que son muy <\/span><b>elegantes y resistentes<\/b><span style=\"font-weight: 400;\"> a los cambios de tiempo.<\/span><\/p>\n<figure id=\"attachment_595\" aria-describedby=\"caption-attachment-595\" style=\"width: 717px\" class=\"wp-caption aligncenter\"><a href=\"https:\/\/www.ekohunters.com\/es\/accesorios-del-hogar-y-oficina\/accesorios-decoracion\/jarrones-y-macetas\/pack-macetas-pared-funda\"><img loading=\"lazy\" decoding=\"async\" class=\"wp-image-595\" src=\"https:\/\/www.comadera.com\/blog\/wp-content\/uploads\/2023\/05\/TAMANO-PARA-MAILSBLOGS-19-300x149.png\" alt=\"decoraci\u00f3n 3 maceteros de pared.\" width=\"717\" height=\"356\" srcset=\"https:\/\/www.comadera.com\/blog\/wp-content\/uploads\/2023\/05\/TAMANO-PARA-MAILSBLOGS-19-300x149.png 300w, https:\/\/www.comadera.com\/blog\/wp-content\/uploads\/2023\/05\/TAMANO-PARA-MAILSBLOGS-19.png 865w\" sizes=\"(max-width: 717px) 100vw, 717px\" \/><\/a><figcaption id=\"caption-attachment-595\" class=\"wp-caption-text\">3 macetas de pared de Ekohunters<\/figcaption><\/figure>\n<p><span style=\"font-weight: 400;\">Mientras aprovechamos el calor del sol, no nos pueden faltar las bebidas fresquitas, por eso, para aquellos que le quieran dar un toque alegre y rom\u00e1ntico a su hogar, os traemos este <strong>set de 6 vasos + jarra<\/strong> de <a href=\"https:\/\/boneandwhite.com\/\"><strong>Bone&amp;White<\/strong><\/a>. Han sido elaborados en Italia de forma <\/span><b>tradicional <\/b><span style=\"font-weight: 400;\">por <\/span><b>artesanos <\/b><span style=\"font-weight: 400;\">del <\/span><b>cristal<\/b><span style=\"font-weight: 400;\">, y<\/span><span style=\"font-weight: 400;\"> son piezas \u00fanicas fabricadas en masa de <\/span><b>vidrio de color<\/b><span style=\"font-weight: 400;\">, lo que los convierte en duraderos y resistentes a lo largo de los lavados. Sus diferentes colores y bonitos dise\u00f1os nos han parecido ideales para esta \u00e9poca del a\u00f1o.<\/span><\/p>\n<figure id=\"attachment_596\" aria-describedby=\"caption-attachment-596\" style=\"width: 431px\" class=\"wp-caption aligncenter\"><img loading=\"lazy\" decoding=\"async\" class=\"wp-image-596\" src=\"https:\/\/www.comadera.com\/blog\/wp-content\/uploads\/2023\/05\/210330Bone_White-0033br_bcaa4a7d-bf73-477e-b77f-5803b165e5df_1200x-300x300.webp\" alt=\"Kit vasos de colores y jarra romantic.\" width=\"431\" height=\"431\" srcset=\"https:\/\/www.comadera.com\/blog\/wp-content\/uploads\/2023\/05\/210330Bone_White-0033br_bcaa4a7d-bf73-477e-b77f-5803b165e5df_1200x-300x300.webp 300w, https:\/\/www.comadera.com\/blog\/wp-content\/uploads\/2023\/05\/210330Bone_White-0033br_bcaa4a7d-bf73-477e-b77f-5803b165e5df_1200x-150x150.webp 150w, https:\/\/www.comadera.com\/blog\/wp-content\/uploads\/2023\/05\/210330Bone_White-0033br_bcaa4a7d-bf73-477e-b77f-5803b165e5df_1200x-768x768.webp 768w, https:\/\/www.comadera.com\/blog\/wp-content\/uploads\/2023\/05\/210330Bone_White-0033br_bcaa4a7d-bf73-477e-b77f-5803b165e5df_1200x.webp 787w\" sizes=\"(max-width: 431px) 100vw, 431px\" \/><figcaption id=\"caption-attachment-596\" class=\"wp-caption-text\">Set de 6 vasos + jarra Romantic de Bone&amp;White<\/figcaption><\/figure>\n<p><span style=\"font-weight: 400;\">Y para cuando anochezca, no nos puede faltar una <\/span><b>agradable iluminaci\u00f3n<\/b><span style=\"font-weight: 400;\"> exterior que sea tambi\u00e9n elegante. Las <\/span><a href=\"https:\/\/prendeluz.com\/guirnalda-decorativa-led-solar-de-6-5m-longitud\"><b>guirnaldas <\/b><\/a><span style=\"font-weight: 400;\">de <\/span><a href=\"https:\/\/prendeluz.com\/\"><b>Prendeluz<\/b><\/a> <span style=\"font-weight: 400;\">con<\/span><b> carga <\/b><span style=\"font-weight: 400;\">solar nos parece una forma estupenda de agregar un toque de magia y calidez a cualquier espacio, ya que al disponer de una <\/span><b>placa solar <\/b><span style=\"font-weight: 400;\">para cargarse con <\/span><b>luz natural<\/b><span style=\"font-weight: 400;\"> suponen un <\/span><b>ahorro energ\u00e9tico<\/b><span style=\"font-weight: 400;\">. Adem\u00e1s ofrecen una decoraci\u00f3n s\u00faper vers\u00e1til para que las puedas colocar a tu gusto: en vertical en la <\/span><b>pared<\/b><span style=\"font-weight: 400;\">, en horizontal con tus <\/span><b>cortinas<\/b><span style=\"font-weight: 400;\">, rodear los <\/span><b>\u00e1rboles <\/b><span style=\"font-weight: 400;\">o macetas de <\/span><b>jard\u00edn<\/b><span style=\"font-weight: 400;\">, etc. <\/span><span style=\"font-weight: 400;\">\u2728<\/span><\/p>\n<figure id=\"attachment_597\" aria-describedby=\"caption-attachment-597\" style=\"width: 709px\" class=\"wp-caption aligncenter\"><a href=\"https:\/\/prendeluz.com\/guirnalda-decorativa-led-solar-de-6-5m-longitud\"><img loading=\"lazy\" decoding=\"async\" class=\"wp-image-597\" src=\"https:\/\/www.comadera.com\/blog\/wp-content\/uploads\/2023\/05\/TAMANO-PARA-MAILSBLOGS-20-300x169.png\" alt=\"guirnaldas de luces.\" width=\"709\" height=\"399\" srcset=\"https:\/\/www.comadera.com\/blog\/wp-content\/uploads\/2023\/05\/TAMANO-PARA-MAILSBLOGS-20-300x169.png 300w, https:\/\/www.comadera.com\/blog\/wp-content\/uploads\/2023\/05\/TAMANO-PARA-MAILSBLOGS-20-768x432.png 768w, https:\/\/www.comadera.com\/blog\/wp-content\/uploads\/2023\/05\/TAMANO-PARA-MAILSBLOGS-20.png 865w\" sizes=\"(max-width: 709px) 100vw, 709px\" \/><\/a><figcaption id=\"caption-attachment-597\" class=\"wp-caption-text\">Guirnalda de luces de Prendeluz<\/figcaption><\/figure>\n<p><span style=\"font-weight: 400;\">Para finalizar, te traemos la mejor <\/span><b>experiencia olfativa<\/b><span style=\"font-weight: 400;\"> con las velas <\/span><b>hechas a mano<\/b><span style=\"font-weight: 400;\"> de <\/span><a href=\"https:\/\/www.cereriamolla.com\/\"><b>Cerer\u00eda Moll\u00e0<\/b> <b>1899<\/b><\/a><span style=\"font-weight: 400;\">. Tienen una amplia gama de olores que se ajustan a todas las estaciones. El elegante dise\u00f1o de su envase de vidrio har\u00e1 que tu terraza tenga un aspecto muy elegante, y adem\u00e1s vienen con una tapa de madera para una mejor conservaci\u00f3n de la vela. Son s\u00faper respetuosos con el medio ambiente, utilizan <\/span><b>materias primas<\/b><span style=\"font-weight: 400;\"> de origen natural, con ceras de <\/span><b>origen vegetal<\/b><span style=\"font-weight: 400;\">, mechas 100% de algod\u00f3n, y envases de <\/span><b>vidrio y cart\u00f3n<\/b><span style=\"font-weight: 400;\"> reciclables. Para esta \u00e9poca nos encanta en especial la esencia \u201cBlack Orchid and Lily\u201d, pero tienen diferentes <\/span><b>esencias <\/b><span style=\"font-weight: 400;\">para cualquier estaci\u00f3n del a\u00f1o, y adem\u00e1s tambi\u00e9n tienen otros formatos como <\/span><b>incienso<\/b><span style=\"font-weight: 400;\">, <\/span><b>difusores<\/b><span style=\"font-weight: 400;\">, y <\/span><b>sprays<\/b><span style=\"font-weight: 400;\"> disponibles.<\/span><\/p>\n<figure id=\"attachment_614\" aria-describedby=\"caption-attachment-614\" style=\"width: 498px\" class=\"wp-caption aligncenter\"><a href=\"https:\/\/www.cereriamolla.com\/\"><img loading=\"lazy\" decoding=\"async\" class=\"wp-image-614\" src=\"https:\/\/www.comadera.com\/blog\/wp-content\/uploads\/2023\/05\/VELAS-3-removebg-preview-300x241.png\" alt=\"Velas en vaso de vidrio negro y blanco.\" width=\"498\" height=\"400\" srcset=\"https:\/\/www.comadera.com\/blog\/wp-content\/uploads\/2023\/05\/VELAS-3-removebg-preview-300x241.png 300w, https:\/\/www.comadera.com\/blog\/wp-content\/uploads\/2023\/05\/VELAS-3-removebg-preview.png 557w\" sizes=\"(max-width: 498px) 100vw, 498px\" \/><\/a><figcaption id=\"caption-attachment-614\" class=\"wp-caption-text\">Colecci\u00f3n de velas Botique de Cerer\u00eda Moll\u00e0<\/figcaption><\/figure>\n<p><span style=\"font-weight: 400;\">Estamos seguros de que con estos complementos conseguir\u00e1s lucir de un maravilloso espacio que ser\u00e1 la envidia del vecindario. Sin importar el tama\u00f1o de tu balc\u00f3n o terraza, podr\u00e1s crear un ambiente \u00f3ptimo para disfrutar de tus vacaciones solo o en compa\u00f1\u00eda de tus amigos, familia o pareja.<\/span><\/p>\n<p><span style=\"font-weight: 400;\">Por \u00faltimo, os dejamos algunas de nuestras ideas de <\/span><b>remodelaciones <\/b><span style=\"font-weight: 400;\">favoritas para inspiraros y animaros a aprovechar vuestras terrazas. Estamos seguros de que conseguir\u00e9is llevar vuestra imaginaci\u00f3n al m\u00e1ximo y disfrutar de unas vacaciones de calidad en vuestro propio hogar.<\/span><\/p>\n<figure id=\"attachment_601\" aria-describedby=\"caption-attachment-601\" style=\"width: 496px\" class=\"wp-caption aligncenter\"><a href=\"https:\/\/www.instagram.com\/miterrazaeswow\/\"><img loading=\"lazy\" decoding=\"async\" class=\"wp-image-601\" src=\"https:\/\/www.comadera.com\/blog\/wp-content\/uploads\/2023\/05\/94067172_583340528951202_234347637198721298_n-1-246x300.jpg\" alt=\"balc\u00f3n decorado con luces.\" width=\"496\" height=\"605\" srcset=\"https:\/\/www.comadera.com\/blog\/wp-content\/uploads\/2023\/05\/94067172_583340528951202_234347637198721298_n-1-246x300.jpg 246w, https:\/\/www.comadera.com\/blog\/wp-content\/uploads\/2023\/05\/94067172_583340528951202_234347637198721298_n-1-838x1024.jpg 838w, https:\/\/www.comadera.com\/blog\/wp-content\/uploads\/2023\/05\/94067172_583340528951202_234347637198721298_n-1-768x938.jpg 768w, https:\/\/www.comadera.com\/blog\/wp-content\/uploads\/2023\/05\/94067172_583340528951202_234347637198721298_n-1.jpg 1080w\" sizes=\"(max-width: 496px) 100vw, 496px\" \/><\/a><figcaption id=\"caption-attachment-601\" class=\"wp-caption-text\">V\u00eda Instagram: @miterrazaeswow<\/figcaption><\/figure>\n<figure id=\"attachment_602\" aria-describedby=\"caption-attachment-602\" style=\"width: 491px\" class=\"wp-caption aligncenter\"><a href=\"https:\/\/www.instagram.com\/mycroatianhome\/\"><img loading=\"lazy\" decoding=\"async\" class=\"wp-image-602\" src=\"https:\/\/www.comadera.com\/blog\/wp-content\/uploads\/2023\/05\/250474583_3113628408881035_4167657322389213667_n-240x300.jpg\" alt=\"balc\u00f3n con suelo de madera y alfombra.\" width=\"491\" height=\"614\" srcset=\"https:\/\/www.comadera.com\/blog\/wp-content\/uploads\/2023\/05\/250474583_3113628408881035_4167657322389213667_n-240x300.jpg 240w, https:\/\/www.comadera.com\/blog\/wp-content\/uploads\/2023\/05\/250474583_3113628408881035_4167657322389213667_n.jpg 640w\" sizes=\"(max-width: 491px) 100vw, 491px\" \/><\/a><figcaption id=\"caption-attachment-602\" class=\"wp-caption-text\">V\u00eda Instagram: @mycroatianhome<\/figcaption><\/figure>\n<figure id=\"attachment_603\" aria-describedby=\"caption-attachment-603\" style=\"width: 486px\" class=\"wp-caption aligncenter\"><a href=\"https:\/\/www.instagram.com\/maisonsdumonde_es\/\"><img loading=\"lazy\" decoding=\"async\" class=\"wp-image-603\" src=\"https:\/\/www.comadera.com\/blog\/wp-content\/uploads\/2023\/05\/183514012_319782729765002_6984545568424474322_n-300x283.jpg\" alt=\"terraza exterior con suelo de madera y sillas.\" width=\"486\" height=\"459\" srcset=\"https:\/\/www.comadera.com\/blog\/wp-content\/uploads\/2023\/05\/183514012_319782729765002_6984545568424474322_n-300x283.jpg 300w, https:\/\/www.comadera.com\/blog\/wp-content\/uploads\/2023\/05\/183514012_319782729765002_6984545568424474322_n.jpg 640w\" sizes=\"(max-width: 486px) 100vw, 486px\" \/><\/a><figcaption id=\"caption-attachment-603\" class=\"wp-caption-text\">V\u00eda Instagram: @maisonsdumonde_es<\/figcaption><\/figure>\n\n\n<p><\/p>\n","protected":false},"excerpt":{"rendered":"<p>\u00a1Hola a todos! Bienvenidos una vez m\u00e1s al blog de Comadera. En el post de hoy queremos dar la bienvenida al calor y a las noches largas. Por fin dejamos atr\u00e1s el fr\u00edo invierno y empezamos a disfrutar de la&#8230;<\/p>\n","protected":false},"author":1,"featured_media":629,"comment_status":"closed","ping_status":"open","sticky":false,"template":"","format":"standard","meta":{"_kad_post_transparent":"","_kad_post_title":"","_kad_post_layout":"","_kad_post_sidebar_id":"","_kad_post_content_style":"","_kad_post_vertical_padding":"","_kad_post_feature":"","_kad_post_feature_position":"","_kad_post_header":false,"_kad_post_footer":false,"footnotes":""},"categories":[187],"tags":[47,44,119],"class_list":["post-587","post","type-post","status-publish","format-standard","has-post-thumbnail","hentry","category-consejos-madera-y-capinteria","tag-decoracion","tag-decoradores","tag-ecofriendly"],"yoast_head":"<!-- This site is optimized with the Yoast SEO plugin v27.5 - https:\/\/yoast.com\/product\/yoast-seo-wordpress\/ -->\n<title>\u00bfC\u00f3mo decorar tu balc\u00f3n este 2023? - Blog de Comadera<\/title>\n<meta name=\"description\" content=\"\u00bfSabes c\u00f3mo decorar tu balc\u00f3n siguiendo las tendencias de 2023? Te presentamos CDECK WUUDE, un suelo con el que conseguir\u00e1s la terraza ideal.\" \/>\n<meta name=\"robots\" content=\"index, follow, max-snippet:-1, max-image-preview:large, max-video-preview:-1\" \/>\n<link rel=\"canonical\" href=\"https:\/\/www.comadera.com\/blog\/decorar-tu-balcon-y-aprovecha-el-buen-tiempo\/\" \/>\n<meta property=\"og:locale\" content=\"es_ES\" \/>\n<meta property=\"og:type\" content=\"article\" \/>\n<meta property=\"og:title\" content=\"\u00bfC\u00f3mo decorar tu balc\u00f3n este 2023? - Blog de Comadera\" \/>\n<meta property=\"og:description\" content=\"\u00bfSabes c\u00f3mo decorar tu balc\u00f3n siguiendo las tendencias de 2023? Te presentamos CDECK WUUDE, un suelo con el que conseguir\u00e1s la terraza ideal.\" \/>\n<meta property=\"og:url\" content=\"https:\/\/www.comadera.com\/blog\/decorar-tu-balcon-y-aprovecha-el-buen-tiempo\/\" \/>\n<meta property=\"og:site_name\" content=\"Blog de Comadera\" \/>\n<meta property=\"article:published_time\" content=\"2023-05-03T09:42:33+00:00\" \/>\n<meta property=\"article:modified_time\" content=\"2026-03-03T14:44:08+00:00\" \/>\n<meta property=\"og:image\" content=\"https:\/\/www.comadera.com\/blog\/wp-content\/uploads\/2023\/05\/IHT_CDECK_WUUDE_DEU08230AW_AMERICANWALLNUT_2_COMADERA-1-e1683107602503.jpg\" \/>\n\t<meta property=\"og:image:width\" content=\"952\" \/>\n\t<meta property=\"og:image:height\" content=\"533\" \/>\n\t<meta property=\"og:image:type\" content=\"image\/jpeg\" \/>\n<meta name=\"author\" content=\"Equipo Comadera\" \/>\n<meta name=\"twitter:card\" content=\"summary_large_image\" \/>\n<meta name=\"twitter:label1\" content=\"Escrito por\" \/>\n\t<meta name=\"twitter:data1\" content=\"Equipo Comadera\" \/>\n\t<meta name=\"twitter:label2\" content=\"Tiempo de lectura\" \/>\n\t<meta name=\"twitter:data2\" content=\"9 minutos\" \/>\n<script type=\"application\/ld+json\" class=\"yoast-schema-graph\">{\"@context\":\"https:\\\/\\\/schema.org\",\"@graph\":[{\"@type\":\"Article\",\"@id\":\"https:\\\/\\\/www.comadera.com\\\/blog\\\/decorar-tu-balcon-y-aprovecha-el-buen-tiempo\\\/#article\",\"isPartOf\":{\"@id\":\"https:\\\/\\\/www.comadera.com\\\/blog\\\/decorar-tu-balcon-y-aprovecha-el-buen-tiempo\\\/\"},\"author\":{\"name\":\"Equipo Comadera\",\"@id\":\"https:\\\/\\\/www.comadera.com\\\/blog\\\/#\\\/schema\\\/person\\\/7e346eb59456354c24ea3e62cfa754da\"},\"headline\":\"\u00bfC\u00f3mo decorar tu balc\u00f3n este 2023?\",\"datePublished\":\"2023-05-03T09:42:33+00:00\",\"dateModified\":\"2026-03-03T14:44:08+00:00\",\"mainEntityOfPage\":{\"@id\":\"https:\\\/\\\/www.comadera.com\\\/blog\\\/decorar-tu-balcon-y-aprovecha-el-buen-tiempo\\\/\"},\"wordCount\":1226,\"publisher\":{\"@id\":\"https:\\\/\\\/www.comadera.com\\\/blog\\\/#organization\"},\"image\":{\"@id\":\"https:\\\/\\\/www.comadera.com\\\/blog\\\/decorar-tu-balcon-y-aprovecha-el-buen-tiempo\\\/#primaryimage\"},\"thumbnailUrl\":\"https:\\\/\\\/www.comadera.com\\\/blog\\\/wp-content\\\/uploads\\\/2023\\\/05\\\/IHT_CDECK_WUUDE_DEU08230AW_AMERICANWALLNUT_2_COMADERA-1-e1683107602503.jpg\",\"keywords\":[\"decoraci\u00f3n\",\"decoradores\",\"ecofriendly\"],\"articleSection\":[\"Consejos y tips\"],\"inLanguage\":\"es\"},{\"@type\":\"WebPage\",\"@id\":\"https:\\\/\\\/www.comadera.com\\\/blog\\\/decorar-tu-balcon-y-aprovecha-el-buen-tiempo\\\/\",\"url\":\"https:\\\/\\\/www.comadera.com\\\/blog\\\/decorar-tu-balcon-y-aprovecha-el-buen-tiempo\\\/\",\"name\":\"\u00bfC\u00f3mo decorar tu balc\u00f3n este 2023? - Blog de Comadera\",\"isPartOf\":{\"@id\":\"https:\\\/\\\/www.comadera.com\\\/blog\\\/#website\"},\"primaryImageOfPage\":{\"@id\":\"https:\\\/\\\/www.comadera.com\\\/blog\\\/decorar-tu-balcon-y-aprovecha-el-buen-tiempo\\\/#primaryimage\"},\"image\":{\"@id\":\"https:\\\/\\\/www.comadera.com\\\/blog\\\/decorar-tu-balcon-y-aprovecha-el-buen-tiempo\\\/#primaryimage\"},\"thumbnailUrl\":\"https:\\\/\\\/www.comadera.com\\\/blog\\\/wp-content\\\/uploads\\\/2023\\\/05\\\/IHT_CDECK_WUUDE_DEU08230AW_AMERICANWALLNUT_2_COMADERA-1-e1683107602503.jpg\",\"datePublished\":\"2023-05-03T09:42:33+00:00\",\"dateModified\":\"2026-03-03T14:44:08+00:00\",\"description\":\"\u00bfSabes c\u00f3mo decorar tu balc\u00f3n siguiendo las tendencias de 2023? Te presentamos CDECK WUUDE, un suelo con el que conseguir\u00e1s la terraza ideal.\",\"breadcrumb\":{\"@id\":\"https:\\\/\\\/www.comadera.com\\\/blog\\\/decorar-tu-balcon-y-aprovecha-el-buen-tiempo\\\/#breadcrumb\"},\"inLanguage\":\"es\",\"potentialAction\":[{\"@type\":\"ReadAction\",\"target\":[\"https:\\\/\\\/www.comadera.com\\\/blog\\\/decorar-tu-balcon-y-aprovecha-el-buen-tiempo\\\/\"]}]},{\"@type\":\"ImageObject\",\"inLanguage\":\"es\",\"@id\":\"https:\\\/\\\/www.comadera.com\\\/blog\\\/decorar-tu-balcon-y-aprovecha-el-buen-tiempo\\\/#primaryimage\",\"url\":\"https:\\\/\\\/www.comadera.com\\\/blog\\\/wp-content\\\/uploads\\\/2023\\\/05\\\/IHT_CDECK_WUUDE_DEU08230AW_AMERICANWALLNUT_2_COMADERA-1-e1683107602503.jpg\",\"contentUrl\":\"https:\\\/\\\/www.comadera.com\\\/blog\\\/wp-content\\\/uploads\\\/2023\\\/05\\\/IHT_CDECK_WUUDE_DEU08230AW_AMERICANWALLNUT_2_COMADERA-1-e1683107602503.jpg\",\"width\":952,\"height\":533,\"caption\":\"Decorar tu balc\u00f3n utilizando CDECK WUUDE.\"},{\"@type\":\"BreadcrumbList\",\"@id\":\"https:\\\/\\\/www.comadera.com\\\/blog\\\/decorar-tu-balcon-y-aprovecha-el-buen-tiempo\\\/#breadcrumb\",\"itemListElement\":[{\"@type\":\"ListItem\",\"position\":1,\"name\":\"Portada\",\"item\":\"https:\\\/\\\/www.comadera.com\\\/blog\\\/\"},{\"@type\":\"ListItem\",\"position\":2,\"name\":\"\u00bfC\u00f3mo decorar tu balc\u00f3n este 2023?\"}]},{\"@type\":\"WebSite\",\"@id\":\"https:\\\/\\\/www.comadera.com\\\/blog\\\/#website\",\"url\":\"https:\\\/\\\/www.comadera.com\\\/blog\\\/\",\"name\":\"Blog de Comadera\",\"description\":\"Tecnolog\u00eda e ideas sobre materiales de carpinter\u00eda y madera.\",\"publisher\":{\"@id\":\"https:\\\/\\\/www.comadera.com\\\/blog\\\/#organization\"},\"potentialAction\":[{\"@type\":\"SearchAction\",\"target\":{\"@type\":\"EntryPoint\",\"urlTemplate\":\"https:\\\/\\\/www.comadera.com\\\/blog\\\/?s={search_term_string}\"},\"query-input\":{\"@type\":\"PropertyValueSpecification\",\"valueRequired\":true,\"valueName\":\"search_term_string\"}}],\"inLanguage\":\"es\"},{\"@type\":\"Organization\",\"@id\":\"https:\\\/\\\/www.comadera.com\\\/blog\\\/#organization\",\"name\":\"Blog de Comadera\",\"url\":\"https:\\\/\\\/www.comadera.com\\\/blog\\\/\",\"logo\":{\"@type\":\"ImageObject\",\"inLanguage\":\"es\",\"@id\":\"https:\\\/\\\/www.comadera.com\\\/blog\\\/#\\\/schema\\\/logo\\\/image\\\/\",\"url\":\"https:\\\/\\\/www.comadera.com\\\/blog\\\/wp-content\\\/uploads\\\/2025\\\/10\\\/cropped-comadera_blog_logo-web-comadera-blog.webp\",\"contentUrl\":\"https:\\\/\\\/www.comadera.com\\\/blog\\\/wp-content\\\/uploads\\\/2025\\\/10\\\/cropped-comadera_blog_logo-web-comadera-blog.webp\",\"width\":474,\"height\":151,\"caption\":\"Blog de Comadera\"},\"image\":{\"@id\":\"https:\\\/\\\/www.comadera.com\\\/blog\\\/#\\\/schema\\\/logo\\\/image\\\/\"}},{\"@type\":\"Person\",\"@id\":\"https:\\\/\\\/www.comadera.com\\\/blog\\\/#\\\/schema\\\/person\\\/7e346eb59456354c24ea3e62cfa754da\",\"name\":\"Equipo Comadera\",\"image\":{\"@type\":\"ImageObject\",\"inLanguage\":\"es\",\"@id\":\"https:\\\/\\\/secure.gravatar.com\\\/avatar\\\/07755933535ce3acff35d7e35bf0086dd75b31bb7cf7cf8186456914c3df6a63?s=96&d=mm&r=g\",\"url\":\"https:\\\/\\\/secure.gravatar.com\\\/avatar\\\/07755933535ce3acff35d7e35bf0086dd75b31bb7cf7cf8186456914c3df6a63?s=96&d=mm&r=g\",\"contentUrl\":\"https:\\\/\\\/secure.gravatar.com\\\/avatar\\\/07755933535ce3acff35d7e35bf0086dd75b31bb7cf7cf8186456914c3df6a63?s=96&d=mm&r=g\",\"caption\":\"Equipo Comadera\"},\"sameAs\":[\"https:\\\/\\\/www.comadera.com\\\/blog\"],\"url\":\"https:\\\/\\\/www.comadera.com\\\/blog\\\/author\\\/kudeatzailea\\\/\"}]}<\/script>\n<!-- \/ Yoast SEO plugin. -->","yoast_head_json":{"title":"\u00bfC\u00f3mo decorar tu balc\u00f3n este 2023? - Blog de Comadera","description":"\u00bfSabes c\u00f3mo decorar tu balc\u00f3n siguiendo las tendencias de 2023? Te presentamos CDECK WUUDE, un suelo con el que conseguir\u00e1s la terraza ideal.","robots":{"index":"index","follow":"follow","max-snippet":"max-snippet:-1","max-image-preview":"max-image-preview:large","max-video-preview":"max-video-preview:-1"},"canonical":"https:\/\/www.comadera.com\/blog\/decorar-tu-balcon-y-aprovecha-el-buen-tiempo\/","og_locale":"es_ES","og_type":"article","og_title":"\u00bfC\u00f3mo decorar tu balc\u00f3n este 2023? - Blog de Comadera","og_description":"\u00bfSabes c\u00f3mo decorar tu balc\u00f3n siguiendo las tendencias de 2023? Te presentamos CDECK WUUDE, un suelo con el que conseguir\u00e1s la terraza ideal.","og_url":"https:\/\/www.comadera.com\/blog\/decorar-tu-balcon-y-aprovecha-el-buen-tiempo\/","og_site_name":"Blog de Comadera","article_published_time":"2023-05-03T09:42:33+00:00","article_modified_time":"2026-03-03T14:44:08+00:00","og_image":[{"width":952,"height":533,"url":"https:\/\/www.comadera.com\/blog\/wp-content\/uploads\/2023\/05\/IHT_CDECK_WUUDE_DEU08230AW_AMERICANWALLNUT_2_COMADERA-1-e1683107602503.jpg","type":"image\/jpeg"}],"author":"Equipo Comadera","twitter_card":"summary_large_image","twitter_misc":{"Escrito por":"Equipo Comadera","Tiempo de lectura":"9 minutos"},"schema":{"@context":"https:\/\/schema.org","@graph":[{"@type":"Article","@id":"https:\/\/www.comadera.com\/blog\/decorar-tu-balcon-y-aprovecha-el-buen-tiempo\/#article","isPartOf":{"@id":"https:\/\/www.comadera.com\/blog\/decorar-tu-balcon-y-aprovecha-el-buen-tiempo\/"},"author":{"name":"Equipo Comadera","@id":"https:\/\/www.comadera.com\/blog\/#\/schema\/person\/7e346eb59456354c24ea3e62cfa754da"},"headline":"\u00bfC\u00f3mo decorar tu balc\u00f3n este 2023?","datePublished":"2023-05-03T09:42:33+00:00","dateModified":"2026-03-03T14:44:08+00:00","mainEntityOfPage":{"@id":"https:\/\/www.comadera.com\/blog\/decorar-tu-balcon-y-aprovecha-el-buen-tiempo\/"},"wordCount":1226,"publisher":{"@id":"https:\/\/www.comadera.com\/blog\/#organization"},"image":{"@id":"https:\/\/www.comadera.com\/blog\/decorar-tu-balcon-y-aprovecha-el-buen-tiempo\/#primaryimage"},"thumbnailUrl":"https:\/\/www.comadera.com\/blog\/wp-content\/uploads\/2023\/05\/IHT_CDECK_WUUDE_DEU08230AW_AMERICANWALLNUT_2_COMADERA-1-e1683107602503.jpg","keywords":["decoraci\u00f3n","decoradores","ecofriendly"],"articleSection":["Consejos y tips"],"inLanguage":"es"},{"@type":"WebPage","@id":"https:\/\/www.comadera.com\/blog\/decorar-tu-balcon-y-aprovecha-el-buen-tiempo\/","url":"https:\/\/www.comadera.com\/blog\/decorar-tu-balcon-y-aprovecha-el-buen-tiempo\/","name":"\u00bfC\u00f3mo decorar tu balc\u00f3n este 2023? - Blog de Comadera","isPartOf":{"@id":"https:\/\/www.comadera.com\/blog\/#website"},"primaryImageOfPage":{"@id":"https:\/\/www.comadera.com\/blog\/decorar-tu-balcon-y-aprovecha-el-buen-tiempo\/#primaryimage"},"image":{"@id":"https:\/\/www.comadera.com\/blog\/decorar-tu-balcon-y-aprovecha-el-buen-tiempo\/#primaryimage"},"thumbnailUrl":"https:\/\/www.comadera.com\/blog\/wp-content\/uploads\/2023\/05\/IHT_CDECK_WUUDE_DEU08230AW_AMERICANWALLNUT_2_COMADERA-1-e1683107602503.jpg","datePublished":"2023-05-03T09:42:33+00:00","dateModified":"2026-03-03T14:44:08+00:00","description":"\u00bfSabes c\u00f3mo decorar tu balc\u00f3n siguiendo las tendencias de 2023? Te presentamos CDECK WUUDE, un suelo con el que conseguir\u00e1s la terraza ideal.","breadcrumb":{"@id":"https:\/\/www.comadera.com\/blog\/decorar-tu-balcon-y-aprovecha-el-buen-tiempo\/#breadcrumb"},"inLanguage":"es","potentialAction":[{"@type":"ReadAction","target":["https:\/\/www.comadera.com\/blog\/decorar-tu-balcon-y-aprovecha-el-buen-tiempo\/"]}]},{"@type":"ImageObject","inLanguage":"es","@id":"https:\/\/www.comadera.com\/blog\/decorar-tu-balcon-y-aprovecha-el-buen-tiempo\/#primaryimage","url":"https:\/\/www.comadera.com\/blog\/wp-content\/uploads\/2023\/05\/IHT_CDECK_WUUDE_DEU08230AW_AMERICANWALLNUT_2_COMADERA-1-e1683107602503.jpg","contentUrl":"https:\/\/www.comadera.com\/blog\/wp-content\/uploads\/2023\/05\/IHT_CDECK_WUUDE_DEU08230AW_AMERICANWALLNUT_2_COMADERA-1-e1683107602503.jpg","width":952,"height":533,"caption":"Decorar tu balc\u00f3n utilizando CDECK WUUDE."},{"@type":"BreadcrumbList","@id":"https:\/\/www.comadera.com\/blog\/decorar-tu-balcon-y-aprovecha-el-buen-tiempo\/#breadcrumb","itemListElement":[{"@type":"ListItem","position":1,"name":"Portada","item":"https:\/\/www.comadera.com\/blog\/"},{"@type":"ListItem","position":2,"name":"\u00bfC\u00f3mo decorar tu balc\u00f3n este 2023?"}]},{"@type":"WebSite","@id":"https:\/\/www.comadera.com\/blog\/#website","url":"https:\/\/www.comadera.com\/blog\/","name":"Blog de Comadera","description":"Tecnolog\u00eda e ideas sobre materiales de carpinter\u00eda y madera.","publisher":{"@id":"https:\/\/www.comadera.com\/blog\/#organization"},"potentialAction":[{"@type":"SearchAction","target":{"@type":"EntryPoint","urlTemplate":"https:\/\/www.comadera.com\/blog\/?s={search_term_string}"},"query-input":{"@type":"PropertyValueSpecification","valueRequired":true,"valueName":"search_term_string"}}],"inLanguage":"es"},{"@type":"Organization","@id":"https:\/\/www.comadera.com\/blog\/#organization","name":"Blog de Comadera","url":"https:\/\/www.comadera.com\/blog\/","logo":{"@type":"ImageObject","inLanguage":"es","@id":"https:\/\/www.comadera.com\/blog\/#\/schema\/logo\/image\/","url":"https:\/\/www.comadera.com\/blog\/wp-content\/uploads\/2025\/10\/cropped-comadera_blog_logo-web-comadera-blog.webp","contentUrl":"https:\/\/www.comadera.com\/blog\/wp-content\/uploads\/2025\/10\/cropped-comadera_blog_logo-web-comadera-blog.webp","width":474,"height":151,"caption":"Blog de Comadera"},"image":{"@id":"https:\/\/www.comadera.com\/blog\/#\/schema\/logo\/image\/"}},{"@type":"Person","@id":"https:\/\/www.comadera.com\/blog\/#\/schema\/person\/7e346eb59456354c24ea3e62cfa754da","name":"Equipo Comadera","image":{"@type":"ImageObject","inLanguage":"es","@id":"https:\/\/secure.gravatar.com\/avatar\/07755933535ce3acff35d7e35bf0086dd75b31bb7cf7cf8186456914c3df6a63?s=96&d=mm&r=g","url":"https:\/\/secure.gravatar.com\/avatar\/07755933535ce3acff35d7e35bf0086dd75b31bb7cf7cf8186456914c3df6a63?s=96&d=mm&r=g","contentUrl":"https:\/\/secure.gravatar.com\/avatar\/07755933535ce3acff35d7e35bf0086dd75b31bb7cf7cf8186456914c3df6a63?s=96&d=mm&r=g","caption":"Equipo Comadera"},"sameAs":["https:\/\/www.comadera.com\/blog"],"url":"https:\/\/www.comadera.com\/blog\/author\/kudeatzailea\/"}]}},"_links":{"self":[{"href":"https:\/\/www.comadera.com\/blog\/wp-json\/wp\/v2\/posts\/587","targetHints":{"allow":["GET"]}}],"collection":[{"href":"https:\/\/www.comadera.com\/blog\/wp-json\/wp\/v2\/posts"}],"about":[{"href":"https:\/\/www.comadera.com\/blog\/wp-json\/wp\/v2\/types\/post"}],"author":[{"embeddable":true,"href":"https:\/\/www.comadera.com\/blog\/wp-json\/wp\/v2\/users\/1"}],"replies":[{"embeddable":true,"href":"https:\/\/www.comadera.com\/blog\/wp-json\/wp\/v2\/comments?post=587"}],"version-history":[{"count":27,"href":"https:\/\/www.comadera.com\/blog\/wp-json\/wp\/v2\/posts\/587\/revisions"}],"predecessor-version":[{"id":1332,"href":"https:\/\/www.comadera.com\/blog\/wp-json\/wp\/v2\/posts\/587\/revisions\/1332"}],"wp:featuredmedia":[{"embeddable":true,"href":"https:\/\/www.comadera.com\/blog\/wp-json\/wp\/v2\/media\/629"}],"wp:attachment":[{"href":"https:\/\/www.comadera.com\/blog\/wp-json\/wp\/v2\/media?parent=587"}],"wp:term":[{"taxonomy":"category","embeddable":true,"href":"https:\/\/www.comadera.com\/blog\/wp-json\/wp\/v2\/categories?post=587"},{"taxonomy":"post_tag","embeddable":true,"href":"https:\/\/www.comadera.com\/blog\/wp-json\/wp\/v2\/tags?post=587"}],"curies":[{"name":"wp","href":"https:\/\/api.w.org\/{rel}","templated":true}]}}