{"id":509,"date":"2023-04-19T10:40:54","date_gmt":"2023-04-19T08:40:54","guid":{"rendered":"https:\/\/www.comadera.com\/blog\/?p=509"},"modified":"2026-03-03T15:44:08","modified_gmt":"2026-03-03T14:44:08","slug":"ideas-para-decorar-tu-casa-con-listones","status":"publish","type":"post","link":"https:\/\/www.comadera.com\/blog\/ideas-para-decorar-tu-casa-con-listones\/","title":{"rendered":"IDEAS PARA DECORAR AMBIENTES CON LISTONES"},"content":{"rendered":"<p><span style=\"font-weight: 400;\">\u00a1Bienvenidos de nuevo al blog de <\/span><a href=\"https:\/\/www.comadera.com\/\"><b>Comadera<\/b><\/a><span style=\"font-weight: 400;\">! Hoy queremos presentaros los nuevos <\/span><b>paneles de listones<\/b><span style=\"font-weight: 400;\"> de <\/span><b>IWP<\/b><span style=\"font-weight: 400;\"> y <\/span><b>VOX<\/b><span style=\"font-weight: 400;\">. Aunque estos paneles son muy similares a primera vista, tienen diferentes <\/span><b>caracter\u00edsticas<\/b><span style=\"font-weight: 400;\"> y <\/span><b>funcionalidades<\/b><span style=\"font-weight: 400;\">. Por eso, en este art\u00edculo vamos a explicar todo lo que necesit\u00e1is saber sobre ellos para que pod\u00e1is tener ideas para decorar ambientes con listones y elegir la m\u00e1s adecuada para vuestro <strong>proyecto de <\/strong><\/span><strong>decoraci\u00f3n<\/strong><span style=\"font-weight: 400;\">.\u00a0<\/span><\/p>\n<div id=\"ez-toc-container\" class=\"ez-toc-v2_0_81 ez-toc-wrap-left counter-hierarchy ez-toc-counter ez-toc-custom ez-toc-container-direction\">\n<div class=\"ez-toc-title-container\">\n<p class=\"ez-toc-title\" style=\"cursor:inherit\">Contenidos<\/p>\n<span class=\"ez-toc-title-toggle\"><a href=\"#\" class=\"ez-toc-pull-right ez-toc-btn ez-toc-btn-xs ez-toc-btn-default ez-toc-toggle\" aria-label=\"Alternar tabla de contenidos\"><span class=\"ez-toc-js-icon-con\"><span class=\"\"><span class=\"eztoc-hide\" style=\"display:none;\">Toggle<\/span><span class=\"ez-toc-icon-toggle-span\"><svg style=\"fill: #595959;color:#595959\" xmlns=\"http:\/\/www.w3.org\/2000\/svg\" class=\"list-377408\" width=\"20px\" height=\"20px\" viewBox=\"0 0 24 24\" fill=\"none\"><path d=\"M6 6H4v2h2V6zm14 0H8v2h12V6zM4 11h2v2H4v-2zm16 0H8v2h12v-2zM4 16h2v2H4v-2zm16 0H8v2h12v-2z\" fill=\"currentColor\"><\/path><\/svg><svg style=\"fill: #595959;color:#595959\" class=\"arrow-unsorted-368013\" xmlns=\"http:\/\/www.w3.org\/2000\/svg\" width=\"10px\" height=\"10px\" viewBox=\"0 0 24 24\" version=\"1.2\" baseProfile=\"tiny\"><path d=\"M18.2 9.3l-6.2-6.3-6.2 6.3c-.2.2-.3.4-.3.7s.1.5.3.7c.2.2.4.3.7.3h11c.3 0 .5-.1.7-.3.2-.2.3-.5.3-.7s-.1-.5-.3-.7zM5.8 14.7l6.2 6.3 6.2-6.3c.2-.2.3-.5.3-.7s-.1-.5-.3-.7c-.2-.2-.4-.3-.7-.3h-11c-.3 0-.5.1-.7.3-.2.2-.3.5-.3.7s.1.5.3.7z\"\/><\/svg><\/span><\/span><\/span><\/a><\/span><\/div>\n<nav><ul class='ez-toc-list ez-toc-list-level-1 ' ><li class='ez-toc-page-1 ez-toc-heading-level-3'><a class=\"ez-toc-link ez-toc-heading-1\" href=\"https:\/\/www.comadera.com\/blog\/ideas-para-decorar-tu-casa-con-listones\/#Los_diferenciamos_en_3_tipos\" >Los diferenciamos en 3 tipos:<\/a><ul class='ez-toc-list-level-4' ><li class='ez-toc-heading-level-4'><a class=\"ez-toc-link ez-toc-heading-2\" href=\"https:\/\/www.comadera.com\/blog\/ideas-para-decorar-tu-casa-con-listones\/#De_madera\" >De madera:<\/a><\/li><li class='ez-toc-page-1 ez-toc-heading-level-4'><a class=\"ez-toc-link ez-toc-heading-3\" href=\"https:\/\/www.comadera.com\/blog\/ideas-para-decorar-tu-casa-con-listones\/#De_poliestireno\" >De poliestireno:<\/a><\/li><li class='ez-toc-page-1 ez-toc-heading-level-4'><a class=\"ez-toc-link ez-toc-heading-4\" href=\"https:\/\/www.comadera.com\/blog\/ideas-para-decorar-tu-casa-con-listones\/#Para_finalizar_os_dejamos_mas_imagenes_que_esperamos_os_puedan_servir_de_inspiracion\" >Para finalizar, os dejamos m\u00e1s im\u00e1genes que esperamos os puedan servir de inspiraci\u00f3n:\u00a0<\/a><\/li><\/ul><\/li><\/ul><\/nav><\/div>\n<h3><span class=\"ez-toc-section\" id=\"Los_diferenciamos_en_3_tipos\"><\/span><span style=\"font-weight: 400;\">Los diferenciamos en 3 tipos:<\/span><span class=\"ez-toc-section-end\"><\/span><\/h3>\n<p><a href=\"https:\/\/www.comadera.com\/productos-revestimientos-interiores\"><img fetchpriority=\"high\" decoding=\"async\" class=\"aligncenter wp-image-511\" src=\"https:\/\/www.comadera.com\/blog\/wp-content\/uploads\/2023\/04\/IMG_3599-removebg-preview-1-300x120.png\" alt=\"Comparaci\u00f3n listones IWP y VOX \" width=\"523\" height=\"209\" \/><\/a><\/p>\n<h4><span class=\"ez-toc-section\" id=\"De_madera\"><\/span><b>De madera:<\/b><span class=\"ez-toc-section-end\"><\/span><\/h4>\n<p><span style=\"font-weight: 400;\">1- Por un lado, tenemos los paneles de IWP con <\/span><b>fieltro insonorizante<\/b><span style=\"font-weight: 400;\">, que funcionan muy bien para reducir la <\/span><b>contaminaci\u00f3n ac\u00fastica<\/b><span style=\"font-weight: 400;\"> de nuestro hogar o espacio de trabajo. Evitan cualquier tipo de sonido que pueda ser molesto o da\u00f1ino para realizar nuestras actividades diarias con normalidad, y adem\u00e1s, tienen un elegante dise\u00f1o que le dar\u00e1n un aspecto \u00fanico a tu estancia.<\/span><\/p>\n<p><span style=\"font-weight: 400;\">Si tu prop\u00f3sito es conseguir un ambiente relajado y quieres insonorizar un espacio, te recomendamos los paneles ac\u00fasticos de IWP, ya que gracias <\/span><span style=\"font-weight: 400;\">a su <\/span><b>estructura tridimensional<\/b><span style=\"font-weight: 400;\"> es perfecto para eliminar las <\/span><b>vibraciones ac\u00fasticas<\/b><span style=\"font-weight: 400;\"> y <\/span><b>ecos<\/b><span style=\"font-weight: 400;\">. Adem\u00e1s, el fieltro crea una barrera adicional contra los ruidos que nos rodean convirti\u00e9ndolos en una excelente opci\u00f3n de decoraci\u00f3n para dormitorios, despachos y salones entre otros.\u00a0<\/span><\/p>\n<p><span style=\"font-weight: 400;\">2- Para lugares como las <\/span><b>habitaciones <\/b><span style=\"font-weight: 400;\">y <\/span><b>zonas de estudio o trabajo<\/b><span style=\"font-weight: 400;\">, os recomendamos los listones IWP, que, a diferencia de los ya mencionados, estos no contienen fieltro, por lo que su nivel de insonorizaci\u00f3n es inferior. Pero ambos est\u00e1n hechos con materiales de madera <\/span><span style=\"font-weight: 400;\">sostenible que no da\u00f1an al <\/span><b>medioambiente<\/b><span style=\"font-weight: 400;\">, y contienen propiedades<\/span><b> ign\u00edfugas <\/b><span style=\"font-weight: 400;\">de clasificaci\u00f3n B-s1, por lo que son ideales tanto para <\/span><b>espacios p\u00fablicos<\/b><span style=\"font-weight: 400;\"> como cafeter\u00edas, restaurantes y oficinas, como para <\/span><b>edificios residenciales privados<\/b><span style=\"font-weight: 400;\">.<\/span><\/p>\n<p><span style=\"font-weight: 400;\">Estos paneles, adem\u00e1s de ser bonitos, son super <\/span><b>resistentes <\/b><span style=\"font-weight: 400;\">y <\/span><b>f\u00e1ciles de limpiar<\/b><span style=\"font-weight: 400;\">. Su instalaci\u00f3n no requiere ninguna complicaci\u00f3n, y funciona genial tanto <\/span><b>para el techo<\/b><span style=\"font-weight: 400;\"> como para las <\/span><b>paredes<\/b><span style=\"font-weight: 400;\">. Y su gama de colores se extiende desde los m\u00e1s claros y tranquilos hasta los m\u00e1s oscuros e intensos.<\/span><\/p>\n<p style=\"text-align: left;\">\u00a0 \u00a0 \u00a0 \u00a0 \u00a0 \u00a0 \u00a0 \u00a0 \u00a0 \u00a0 \u00a0 \u00a0 \u00a0 \u00a0 \u00a0 \u00a0 \u00a0 \u00a0 \u00a0 \u00a0 \u00a0 \u00a0 \u00a0 \u00a0 \u00a0 \u00a0 \u00a0 \u00a0 \u00a0 \u00a0 \u00a0 \u00a0 \u00a0 \u00a0 \u00a0 \u00a0 \u00a0 \u00a0 \u00a0 \u00a0 \u00a0 \u00a0 \u00a0 \u00a0 \u00a0 \u00a0 \u00a0 \u00a0 <a href=\"https:\/\/www.comadera.com\/productos-revestimientos-interiores?_token=YgCvX5SrlRSNzbLb5aB0We48xSBXlf7A8fraNe85&amp;tipo_suelo=Tipo&amp;marca=IWP&amp;coleccion=Colecci%C3%B3n#search-anchor\"><img decoding=\"async\" class=\"alignnone wp-image-555\" src=\"https:\/\/www.comadera.com\/blog\/wp-content\/uploads\/2023\/04\/TAMANO-PARA-MAILSBLOGS-6-300x97.png\" alt=\"Comparaci\u00f3n listones claros y oscuros\" width=\"770\" height=\"249\" srcset=\"https:\/\/www.comadera.com\/blog\/wp-content\/uploads\/2023\/04\/TAMANO-PARA-MAILSBLOGS-6-300x97.png 300w, https:\/\/www.comadera.com\/blog\/wp-content\/uploads\/2023\/04\/TAMANO-PARA-MAILSBLOGS-6-768x249.png 768w, https:\/\/www.comadera.com\/blog\/wp-content\/uploads\/2023\/04\/TAMANO-PARA-MAILSBLOGS-6.png 779w\" sizes=\"(max-width: 770px) 100vw, 770px\" \/><\/a><\/p>\n<h4><span class=\"ez-toc-section\" id=\"De_poliestireno\"><\/span><b>De poliestireno:<\/b><span class=\"ez-toc-section-end\"><\/span><\/h4>\n<p><span style=\"font-weight: 400;\">3- Por \u00faltimo, tenemos los paneles alistonados de VOX. Y aunque son muy parecidos a los IWP sin fieltro, estos nos ofrecen una mayor opci\u00f3n decorativa, ya que, al estar hechos de <\/span><b>poliestireno<\/b><span style=\"font-weight: 400;\">, son resistentes a los espacios m\u00e1s h\u00famedos como los <\/span><b>ba\u00f1os<\/b><span style=\"font-weight: 400;\"> o <\/span><b>cocinas<\/b><span style=\"font-weight: 400;\">. El montaje de estos paneles es <\/span><b>r\u00e1pido y sencillo<\/b><span style=\"font-weight: 400;\">, puesto que se instalan mediante cola adhesiva, y se pueden cortar f\u00e1cilmente con una sierra o caladora.<\/span><\/p>\n<p><span style=\"font-weight: 400;\">Estos 3 listones est\u00e1n disponibles en diferentes tama\u00f1os: S, M, y L &#8211; Line, que se diferencian por la anchura y la profundidad de las l\u00e1minas. Esto nos permite crear <\/span><b>diferentes efectos<\/b><span style=\"font-weight: 400;\"> en las distintas zonas de nuestra casa y jugar con la decoraci\u00f3n. Adem\u00e1s, la amplia gama de <\/span><b>tonalidades naturales<\/b><span style=\"font-weight: 400;\"> se adaptar\u00e1 perfectamente a cada rinc\u00f3n de nuestro hogar.<\/span><\/p>\n<p><a href=\"https:\/\/www.comadera.com\/productos-revestimientos-interiores?_token=YgCvX5SrlRSNzbLb5aB0We48xSBXlf7A8fraNe85&amp;tipo_suelo=Tipo&amp;marca=VOX&amp;coleccion=Colecci%C3%B3n#search-anchor\"><img decoding=\"async\" class=\"aligncenter wp-image-559\" src=\"https:\/\/www.comadera.com\/blog\/wp-content\/uploads\/2023\/04\/TAMANO-PARA-MAILSBLOGS-7-300x97.png\" alt=\"Comparaci\u00f3n tama\u00f1os listones\" width=\"605\" height=\"196\" srcset=\"https:\/\/www.comadera.com\/blog\/wp-content\/uploads\/2023\/04\/TAMANO-PARA-MAILSBLOGS-7-300x97.png 300w, https:\/\/www.comadera.com\/blog\/wp-content\/uploads\/2023\/04\/TAMANO-PARA-MAILSBLOGS-7-768x248.png 768w, https:\/\/www.comadera.com\/blog\/wp-content\/uploads\/2023\/04\/TAMANO-PARA-MAILSBLOGS-7.png 865w\" sizes=\"(max-width: 605px) 100vw, 605px\" \/><\/a><\/p>\n<p>&nbsp;<\/p>\n<h5><strong>S &#8211; Line:<\/strong><span style=\"font-weight: 400;\"> las l\u00edneas estrechas son perfectas para espacios peque\u00f1os, ya que las eleva visualmente y crea una sensaci\u00f3n de amplitud.<\/span><\/h5>\n<p><a href=\"https:\/\/www.comadera.com\/productos-revestimientos-interiores\/vox-linerio-panelsline-color-blanco\"><img loading=\"lazy\" decoding=\"async\" class=\"aligncenter wp-image-561\" src=\"https:\/\/www.comadera.com\/blog\/wp-content\/uploads\/2023\/04\/TAMANO-PARA-MAILSBLOGS-8-300x143.png\" alt=\"Listones claros tama\u00f1o S\" width=\"601\" height=\"286\" srcset=\"https:\/\/www.comadera.com\/blog\/wp-content\/uploads\/2023\/04\/TAMANO-PARA-MAILSBLOGS-8-300x143.png 300w, https:\/\/www.comadera.com\/blog\/wp-content\/uploads\/2023\/04\/TAMANO-PARA-MAILSBLOGS-8.png 766w\" sizes=\"(max-width: 601px) 100vw, 601px\" \/><\/a><\/p>\n<p>&nbsp;<\/p>\n<h5><strong>M &#8211; Line:<\/strong><span style=\"font-weight: 400;\"> funcionan mejor en espacios intermedios como pasillos o salas de estar.<\/span><\/h5>\n<p><a href=\"https:\/\/www.comadera.com\/productos-revestimientos-interiores\/vox-linerio-panelmline-color-chocolate\"><img loading=\"lazy\" decoding=\"async\" class=\"aligncenter wp-image-562\" src=\"https:\/\/www.comadera.com\/blog\/wp-content\/uploads\/2023\/04\/TAMANO-PARA-MAILSBLOGS-9-300x143.png\" alt=\"Listones oscuros tama\u00f1o M\" width=\"596\" height=\"284\" srcset=\"https:\/\/www.comadera.com\/blog\/wp-content\/uploads\/2023\/04\/TAMANO-PARA-MAILSBLOGS-9-300x143.png 300w, https:\/\/www.comadera.com\/blog\/wp-content\/uploads\/2023\/04\/TAMANO-PARA-MAILSBLOGS-9.png 763w\" sizes=\"(max-width: 596px) 100vw, 596px\" \/><\/a><\/p>\n<p>&nbsp;<\/p>\n<h5><strong>L &#8211; Line:<\/strong><span style=\"font-weight: 400;\"> Los paneles m\u00e1s anchos quedan mejor en paredes espaciosas, para dar una sensaci\u00f3n de profundidad a las paredes y resaltar \u00e1reas espec\u00edficas de la casa, aportando armon\u00eda y balance con su dise\u00f1o.<\/span><\/h5>\n<p><a href=\"https:\/\/www.comadera.com\/productos-revestimientos-interiores\/vox-linerio-panellline-color-blanco\"><img loading=\"lazy\" decoding=\"async\" class=\"aligncenter wp-image-563\" src=\"https:\/\/www.comadera.com\/blog\/wp-content\/uploads\/2023\/04\/TAMANO-PARA-MAILSBLOGS-10-300x142.png\" alt=\"Listones grises tama\u00f1o L\" width=\"600\" height=\"284\" srcset=\"https:\/\/www.comadera.com\/blog\/wp-content\/uploads\/2023\/04\/TAMANO-PARA-MAILSBLOGS-10-300x142.png 300w, https:\/\/www.comadera.com\/blog\/wp-content\/uploads\/2023\/04\/TAMANO-PARA-MAILSBLOGS-10.png 766w\" sizes=\"(max-width: 600px) 100vw, 600px\" \/><\/a><\/p>\n<p>&nbsp;<\/p>\n<p><span style=\"font-weight: 400;\">Aqu\u00ed os dejamos algunas im\u00e1genes de c\u00f3mo nos ha quedado nuestra \u00faltima reforma con los listones. Estos que os mostramos aqu\u00ed abajo son del tama\u00f1o L-Line concretamente.<\/span><\/p>\n<p><a href=\"https:\/\/www.comadera.com\/productos-revestimientos-interiores\/vox-linerio-panelmline-color-natural\"><img loading=\"lazy\" decoding=\"async\" class=\"aligncenter wp-image-565\" src=\"https:\/\/www.comadera.com\/blog\/wp-content\/uploads\/2023\/04\/TAMANO-PARA-MAILSBLOGS-12-1-300x142.png\" alt=\"Foto reforma listones\" width=\"590\" height=\"279\" srcset=\"https:\/\/www.comadera.com\/blog\/wp-content\/uploads\/2023\/04\/TAMANO-PARA-MAILSBLOGS-12-1-300x142.png 300w, https:\/\/www.comadera.com\/blog\/wp-content\/uploads\/2023\/04\/TAMANO-PARA-MAILSBLOGS-12-1.png 765w\" sizes=\"(max-width: 590px) 100vw, 590px\" \/><\/a><\/p>\n<p>&nbsp;<\/p>\n<h4><span class=\"ez-toc-section\" id=\"Para_finalizar_os_dejamos_mas_imagenes_que_esperamos_os_puedan_servir_de_inspiracion\"><\/span><span style=\"font-weight: 400;\">Para finalizar, os dejamos m\u00e1s im\u00e1genes que esperamos os puedan servir de inspiraci\u00f3n:\u00a0<\/span><span class=\"ez-toc-section-end\"><\/span><\/h4>\n<ul>\n<li style=\"font-weight: 400;\" aria-level=\"1\"><span style=\"font-weight: 400;\">Pod\u00e9is cubrir toda la pared de una habitaci\u00f3n:<\/span><\/li>\n<\/ul>\n<p><a href=\"https:\/\/www.comadera.com\/productos-revestimientos-interiores\/vox-linerio-panelmline-color-chocolate\"><img loading=\"lazy\" decoding=\"async\" class=\"aligncenter wp-image-528\" src=\"https:\/\/www.comadera.com\/blog\/wp-content\/uploads\/2023\/04\/paneles-decorativos-efecto-madera-listones-color-chocolate-m-line-ambiente-300x300.jpg\" alt=\"Listones en una pared entera\" width=\"600\" height=\"600\" srcset=\"https:\/\/www.comadera.com\/blog\/wp-content\/uploads\/2023\/04\/paneles-decorativos-efecto-madera-listones-color-chocolate-m-line-ambiente-300x300.jpg 300w, https:\/\/www.comadera.com\/blog\/wp-content\/uploads\/2023\/04\/paneles-decorativos-efecto-madera-listones-color-chocolate-m-line-ambiente-1024x1024.jpg 1024w, https:\/\/www.comadera.com\/blog\/wp-content\/uploads\/2023\/04\/paneles-decorativos-efecto-madera-listones-color-chocolate-m-line-ambiente-150x150.jpg 150w, https:\/\/www.comadera.com\/blog\/wp-content\/uploads\/2023\/04\/paneles-decorativos-efecto-madera-listones-color-chocolate-m-line-ambiente-768x768.jpg 768w, https:\/\/www.comadera.com\/blog\/wp-content\/uploads\/2023\/04\/paneles-decorativos-efecto-madera-listones-color-chocolate-m-line-ambiente.jpg 1150w\" sizes=\"(max-width: 600px) 100vw, 600px\" \/><\/a><\/p>\n<p>&nbsp;<\/p>\n<ul>\n<li style=\"font-weight: 400;\" aria-level=\"1\"><span style=\"font-weight: 400;\">En el recibidor de una casa con muebles:<\/span><\/li>\n<\/ul>\n<p><a href=\"https:\/\/www.comadera.com\/productos-revestimientos-interiores\/vox-linerio-panelsline-color-mocca\"><img loading=\"lazy\" decoding=\"async\" class=\"aligncenter wp-image-529\" src=\"https:\/\/www.comadera.com\/blog\/wp-content\/uploads\/2023\/04\/listones-imitacion-madera-color-moka-para-paredes-y-techos-S-line-8-300x300.jpg\" alt=\"Listones en el recibidor de una casa\" width=\"601\" height=\"601\" srcset=\"https:\/\/www.comadera.com\/blog\/wp-content\/uploads\/2023\/04\/listones-imitacion-madera-color-moka-para-paredes-y-techos-S-line-8-300x300.jpg 300w, https:\/\/www.comadera.com\/blog\/wp-content\/uploads\/2023\/04\/listones-imitacion-madera-color-moka-para-paredes-y-techos-S-line-8-150x150.jpg 150w, https:\/\/www.comadera.com\/blog\/wp-content\/uploads\/2023\/04\/listones-imitacion-madera-color-moka-para-paredes-y-techos-S-line-8.jpg 767w\" sizes=\"(max-width: 601px) 100vw, 601px\" \/><\/a><\/p>\n<p>&nbsp;<\/p>\n<ul>\n<li style=\"font-weight: 400;\" aria-level=\"1\"><span style=\"font-weight: 400;\">A modo de cabecero de cama:<\/span><\/li>\n<\/ul>\n<p><a href=\"https:\/\/www.comadera.com\/productos-revestimientos-interiores\/vox-linerio-panelmline-color-blanco\"><img loading=\"lazy\" decoding=\"async\" class=\"aligncenter wp-image-567\" src=\"https:\/\/www.comadera.com\/blog\/wp-content\/uploads\/2023\/04\/linerio_m_line_1920_w1920-h767-q85dfg-1-300x300.jpg\" alt=\"Cabecero de cama blanco\" width=\"623\" height=\"623\" srcset=\"https:\/\/www.comadera.com\/blog\/wp-content\/uploads\/2023\/04\/linerio_m_line_1920_w1920-h767-q85dfg-1-300x300.jpg 300w, https:\/\/www.comadera.com\/blog\/wp-content\/uploads\/2023\/04\/linerio_m_line_1920_w1920-h767-q85dfg-1-150x150.jpg 150w, https:\/\/www.comadera.com\/blog\/wp-content\/uploads\/2023\/04\/linerio_m_line_1920_w1920-h767-q85dfg-1.jpg 764w\" sizes=\"(max-width: 623px) 100vw, 623px\" \/><\/a><\/p>\n<p><a href=\"https:\/\/www.comadera.com\/productos-revestimientos-interiores\/vox-linerio-panellline-color-natural\"><img loading=\"lazy\" decoding=\"async\" class=\"aligncenter wp-image-566\" src=\"https:\/\/www.comadera.com\/blog\/wp-content\/uploads\/2023\/04\/listones-de-pared-imitacion-madera-3-1-292x300.jpg\" alt=\"Cabecero de cama marr\u00f3n\" width=\"623\" height=\"640\" srcset=\"https:\/\/www.comadera.com\/blog\/wp-content\/uploads\/2023\/04\/listones-de-pared-imitacion-madera-3-1-292x300.jpg 292w, https:\/\/www.comadera.com\/blog\/wp-content\/uploads\/2023\/04\/listones-de-pared-imitacion-madera-3-1.jpg 685w\" sizes=\"(max-width: 623px) 100vw, 623px\" \/><\/a><\/p>\n<p>&nbsp;<\/p>\n<ul>\n<li style=\"text-align: left;\"><span style=\"font-weight: 400;\">Para crear un espacio de estudio o trabajo en casa:<\/span><\/li>\n<\/ul>\n<p><a href=\"https:\/\/www.comadera.com\/productos-revestimientos-interiores\/vox-linerio-panellline-color-natural\"><img loading=\"lazy\" decoding=\"async\" class=\"aligncenter wp-image-569\" src=\"https:\/\/www.comadera.com\/blog\/wp-content\/uploads\/2023\/04\/panel-decorativo-aspecto-madera-de-pino-l-line-ambiente-habitacion-2-1-300x300.jpg\" alt=\"Zona de estudio\" width=\"625\" height=\"625\" srcset=\"https:\/\/www.comadera.com\/blog\/wp-content\/uploads\/2023\/04\/panel-decorativo-aspecto-madera-de-pino-l-line-ambiente-habitacion-2-1-300x300.jpg 300w, https:\/\/www.comadera.com\/blog\/wp-content\/uploads\/2023\/04\/panel-decorativo-aspecto-madera-de-pino-l-line-ambiente-habitacion-2-1-150x150.jpg 150w, https:\/\/www.comadera.com\/blog\/wp-content\/uploads\/2023\/04\/panel-decorativo-aspecto-madera-de-pino-l-line-ambiente-habitacion-2-1.jpg 765w\" sizes=\"(max-width: 625px) 100vw, 625px\" \/><\/a><\/p>\n<p><a href=\"https:\/\/www.comadera.com\/productos-revestimientos-interiores\/vox-linerio-panellline-color-blanco\"><img loading=\"lazy\" decoding=\"async\" class=\"aligncenter wp-image-568\" src=\"https:\/\/www.comadera.com\/blog\/wp-content\/uploads\/2023\/04\/paneles-efecto-madera-color-blanco-l-line-2-ambiente-escritorio-1-300x300.jpg\" alt=\"Zona de trabajo\" width=\"626\" height=\"626\" srcset=\"https:\/\/www.comadera.com\/blog\/wp-content\/uploads\/2023\/04\/paneles-efecto-madera-color-blanco-l-line-2-ambiente-escritorio-1-300x300.jpg 300w, https:\/\/www.comadera.com\/blog\/wp-content\/uploads\/2023\/04\/paneles-efecto-madera-color-blanco-l-line-2-ambiente-escritorio-1-150x150.jpg 150w, https:\/\/www.comadera.com\/blog\/wp-content\/uploads\/2023\/04\/paneles-efecto-madera-color-blanco-l-line-2-ambiente-escritorio-1.jpg 767w\" sizes=\"(max-width: 626px) 100vw, 626px\" \/><\/a><\/p>\n<p>&nbsp;<\/p>\n<p><span style=\"font-weight: 400;\">\u00a1Esto es todo para el blog de hoy!<\/span><\/p>\n<p><span style=\"font-weight: 400;\">Esperamos que os hayan gustado los listones, y que el post os haya parecido interesante. Si quer\u00e9is obtener la ficha t\u00e9cnica o informaci\u00f3n m\u00e1s detallada acerca de los listones, os invitamos a visitar nuestro <a href=\"https:\/\/www.comadera.com\/productos-revestimientos-interiores\">Almac\u00e9n Virtual<\/a>.<\/span><\/p>\n","protected":false},"excerpt":{"rendered":"<p>\u00a1Bienvenidos de nuevo al blog de Comadera! Hoy queremos presentaros los nuevos paneles de listones de IWP y VOX. Aunque estos paneles son muy similares a primera vista, tienen diferentes caracter\u00edsticas y funcionalidades. Por eso, en este art\u00edculo vamos a&#8230;<\/p>\n","protected":false},"author":1,"featured_media":574,"comment_status":"closed","ping_status":"open","sticky":false,"template":"","format":"standard","meta":{"_kad_post_transparent":"default","_kad_post_title":"default","_kad_post_layout":"default","_kad_post_sidebar_id":"","_kad_post_content_style":"default","_kad_post_vertical_padding":"default","_kad_post_feature":"","_kad_post_feature_position":"","_kad_post_header":false,"_kad_post_footer":false,"footnotes":""},"categories":[183],"tags":[5,47,90,103,92,95,89,87,84,88,97,98,99,101,102,104,96,100,106,105],"class_list":["post-509","post","type-post","status-publish","format-standard","has-post-thumbnail","hentry","category-revestimiento-interior","tag-comadera","tag-decoracion","tag-decorar","tag-eco","tag-fieltro-insonorizante","tag-ignifugo","tag-insonorizar","tag-linerio","tag-listones","tag-paneles-acusticos","tag-paredes","tag-poliestireno","tag-rapido-y-sencillo","tag-reforma","tag-reverberacion","tag-revestimiento","tag-techo","tag-tonalidades-naturales","tag-zona-de-estudio","tag-zona-de-trabajo"],"yoast_head":"<!-- This site is optimized with the Yoast SEO plugin v27.5 - https:\/\/yoast.com\/product\/yoast-seo-wordpress\/ -->\n<title>IDEAS PARA DECORAR AMBIENTES CON LISTONES - Blog de Comadera<\/title>\n<meta name=\"description\" content=\"Descubre todo lo que necesitas saber sobre los listones de Linerio y VOX. Ideas para decorar ambientes con listones.\" \/>\n<meta name=\"robots\" content=\"index, follow, max-snippet:-1, max-image-preview:large, max-video-preview:-1\" \/>\n<link rel=\"canonical\" href=\"https:\/\/www.comadera.com\/blog\/ideas-para-decorar-tu-casa-con-listones\/\" \/>\n<meta property=\"og:locale\" content=\"es_ES\" \/>\n<meta property=\"og:type\" content=\"article\" \/>\n<meta property=\"og:title\" content=\"IDEAS PARA DECORAR AMBIENTES CON LISTONES - Blog de Comadera\" \/>\n<meta property=\"og:description\" content=\"Descubre todo lo que necesitas saber sobre los listones de Linerio y VOX. Ideas para decorar ambientes con listones.\" \/>\n<meta property=\"og:url\" content=\"https:\/\/www.comadera.com\/blog\/ideas-para-decorar-tu-casa-con-listones\/\" \/>\n<meta property=\"og:site_name\" content=\"Blog de Comadera\" \/>\n<meta property=\"article:published_time\" content=\"2023-04-19T08:40:54+00:00\" \/>\n<meta property=\"article:modified_time\" content=\"2026-03-03T14:44:08+00:00\" \/>\n<meta property=\"og:image\" content=\"https:\/\/www.comadera.com\/blog\/wp-content\/uploads\/2023\/04\/listones-de-pared-imitacion-madera-2-1-e1681892576615.jpg\" \/>\n\t<meta property=\"og:image:width\" content=\"658\" \/>\n\t<meta property=\"og:image:height\" content=\"437\" \/>\n\t<meta property=\"og:image:type\" content=\"image\/jpeg\" \/>\n<meta name=\"author\" content=\"Equipo Comadera\" \/>\n<meta name=\"twitter:card\" content=\"summary_large_image\" \/>\n<meta name=\"twitter:label1\" content=\"Escrito por\" \/>\n\t<meta name=\"twitter:data1\" content=\"Equipo Comadera\" \/>\n\t<meta name=\"twitter:label2\" content=\"Tiempo de lectura\" \/>\n\t<meta name=\"twitter:data2\" content=\"6 minutos\" \/>\n<script type=\"application\/ld+json\" class=\"yoast-schema-graph\">{\"@context\":\"https:\\\/\\\/schema.org\",\"@graph\":[{\"@type\":\"Article\",\"@id\":\"https:\\\/\\\/www.comadera.com\\\/blog\\\/ideas-para-decorar-tu-casa-con-listones\\\/#article\",\"isPartOf\":{\"@id\":\"https:\\\/\\\/www.comadera.com\\\/blog\\\/ideas-para-decorar-tu-casa-con-listones\\\/\"},\"author\":{\"name\":\"Equipo Comadera\",\"@id\":\"https:\\\/\\\/www.comadera.com\\\/blog\\\/#\\\/schema\\\/person\\\/7e346eb59456354c24ea3e62cfa754da\"},\"headline\":\"IDEAS PARA DECORAR AMBIENTES CON LISTONES\",\"datePublished\":\"2023-04-19T08:40:54+00:00\",\"dateModified\":\"2026-03-03T14:44:08+00:00\",\"mainEntityOfPage\":{\"@id\":\"https:\\\/\\\/www.comadera.com\\\/blog\\\/ideas-para-decorar-tu-casa-con-listones\\\/\"},\"wordCount\":723,\"publisher\":{\"@id\":\"https:\\\/\\\/www.comadera.com\\\/blog\\\/#organization\"},\"image\":{\"@id\":\"https:\\\/\\\/www.comadera.com\\\/blog\\\/ideas-para-decorar-tu-casa-con-listones\\\/#primaryimage\"},\"thumbnailUrl\":\"https:\\\/\\\/www.comadera.com\\\/blog\\\/wp-content\\\/uploads\\\/2023\\\/04\\\/listones-de-pared-imitacion-madera-2-1-e1681892576615.jpg\",\"keywords\":[\"Comadera\",\"decoraci\u00f3n\",\"Decorar\",\"Eco\",\"fieltro insonorizante\",\"ign\u00edfugo\",\"Insonorizar\",\"Linerio\",\"Listones\",\"Paneles ac\u00fasticos\",\"paredes\",\"poliestireno\",\"r\u00e1pido y sencillo\",\"reforma\",\"reverberaci\u00f3n\",\"revestimiento\",\"techo\",\"tonalidades naturales\",\"zona de estudio\",\"zona de trabajo\"],\"articleSection\":[\"Revestimiento interior\"],\"inLanguage\":\"es\"},{\"@type\":\"WebPage\",\"@id\":\"https:\\\/\\\/www.comadera.com\\\/blog\\\/ideas-para-decorar-tu-casa-con-listones\\\/\",\"url\":\"https:\\\/\\\/www.comadera.com\\\/blog\\\/ideas-para-decorar-tu-casa-con-listones\\\/\",\"name\":\"IDEAS PARA DECORAR AMBIENTES CON LISTONES - Blog de Comadera\",\"isPartOf\":{\"@id\":\"https:\\\/\\\/www.comadera.com\\\/blog\\\/#website\"},\"primaryImageOfPage\":{\"@id\":\"https:\\\/\\\/www.comadera.com\\\/blog\\\/ideas-para-decorar-tu-casa-con-listones\\\/#primaryimage\"},\"image\":{\"@id\":\"https:\\\/\\\/www.comadera.com\\\/blog\\\/ideas-para-decorar-tu-casa-con-listones\\\/#primaryimage\"},\"thumbnailUrl\":\"https:\\\/\\\/www.comadera.com\\\/blog\\\/wp-content\\\/uploads\\\/2023\\\/04\\\/listones-de-pared-imitacion-madera-2-1-e1681892576615.jpg\",\"datePublished\":\"2023-04-19T08:40:54+00:00\",\"dateModified\":\"2026-03-03T14:44:08+00:00\",\"description\":\"Descubre todo lo que necesitas saber sobre los listones de Linerio y VOX. Ideas para decorar ambientes con listones.\",\"breadcrumb\":{\"@id\":\"https:\\\/\\\/www.comadera.com\\\/blog\\\/ideas-para-decorar-tu-casa-con-listones\\\/#breadcrumb\"},\"inLanguage\":\"es\",\"potentialAction\":[{\"@type\":\"ReadAction\",\"target\":[\"https:\\\/\\\/www.comadera.com\\\/blog\\\/ideas-para-decorar-tu-casa-con-listones\\\/\"]}]},{\"@type\":\"ImageObject\",\"inLanguage\":\"es\",\"@id\":\"https:\\\/\\\/www.comadera.com\\\/blog\\\/ideas-para-decorar-tu-casa-con-listones\\\/#primaryimage\",\"url\":\"https:\\\/\\\/www.comadera.com\\\/blog\\\/wp-content\\\/uploads\\\/2023\\\/04\\\/listones-de-pared-imitacion-madera-2-1-e1681892576615.jpg\",\"contentUrl\":\"https:\\\/\\\/www.comadera.com\\\/blog\\\/wp-content\\\/uploads\\\/2023\\\/04\\\/listones-de-pared-imitacion-madera-2-1-e1681892576615.jpg\",\"width\":658,\"height\":437,\"caption\":\"Decoraci\u00f3n de paredes de salones con listones.\"},{\"@type\":\"BreadcrumbList\",\"@id\":\"https:\\\/\\\/www.comadera.com\\\/blog\\\/ideas-para-decorar-tu-casa-con-listones\\\/#breadcrumb\",\"itemListElement\":[{\"@type\":\"ListItem\",\"position\":1,\"name\":\"Portada\",\"item\":\"https:\\\/\\\/www.comadera.com\\\/blog\\\/\"},{\"@type\":\"ListItem\",\"position\":2,\"name\":\"IDEAS PARA DECORAR AMBIENTES CON LISTONES\"}]},{\"@type\":\"WebSite\",\"@id\":\"https:\\\/\\\/www.comadera.com\\\/blog\\\/#website\",\"url\":\"https:\\\/\\\/www.comadera.com\\\/blog\\\/\",\"name\":\"Blog de Comadera\",\"description\":\"Tecnolog\u00eda e ideas sobre materiales de carpinter\u00eda y madera.\",\"publisher\":{\"@id\":\"https:\\\/\\\/www.comadera.com\\\/blog\\\/#organization\"},\"potentialAction\":[{\"@type\":\"SearchAction\",\"target\":{\"@type\":\"EntryPoint\",\"urlTemplate\":\"https:\\\/\\\/www.comadera.com\\\/blog\\\/?s={search_term_string}\"},\"query-input\":{\"@type\":\"PropertyValueSpecification\",\"valueRequired\":true,\"valueName\":\"search_term_string\"}}],\"inLanguage\":\"es\"},{\"@type\":\"Organization\",\"@id\":\"https:\\\/\\\/www.comadera.com\\\/blog\\\/#organization\",\"name\":\"Blog de Comadera\",\"url\":\"https:\\\/\\\/www.comadera.com\\\/blog\\\/\",\"logo\":{\"@type\":\"ImageObject\",\"inLanguage\":\"es\",\"@id\":\"https:\\\/\\\/www.comadera.com\\\/blog\\\/#\\\/schema\\\/logo\\\/image\\\/\",\"url\":\"https:\\\/\\\/www.comadera.com\\\/blog\\\/wp-content\\\/uploads\\\/2025\\\/10\\\/cropped-comadera_blog_logo-web-comadera-blog.webp\",\"contentUrl\":\"https:\\\/\\\/www.comadera.com\\\/blog\\\/wp-content\\\/uploads\\\/2025\\\/10\\\/cropped-comadera_blog_logo-web-comadera-blog.webp\",\"width\":474,\"height\":151,\"caption\":\"Blog de Comadera\"},\"image\":{\"@id\":\"https:\\\/\\\/www.comadera.com\\\/blog\\\/#\\\/schema\\\/logo\\\/image\\\/\"}},{\"@type\":\"Person\",\"@id\":\"https:\\\/\\\/www.comadera.com\\\/blog\\\/#\\\/schema\\\/person\\\/7e346eb59456354c24ea3e62cfa754da\",\"name\":\"Equipo Comadera\",\"image\":{\"@type\":\"ImageObject\",\"inLanguage\":\"es\",\"@id\":\"https:\\\/\\\/secure.gravatar.com\\\/avatar\\\/07755933535ce3acff35d7e35bf0086dd75b31bb7cf7cf8186456914c3df6a63?s=96&d=mm&r=g\",\"url\":\"https:\\\/\\\/secure.gravatar.com\\\/avatar\\\/07755933535ce3acff35d7e35bf0086dd75b31bb7cf7cf8186456914c3df6a63?s=96&d=mm&r=g\",\"contentUrl\":\"https:\\\/\\\/secure.gravatar.com\\\/avatar\\\/07755933535ce3acff35d7e35bf0086dd75b31bb7cf7cf8186456914c3df6a63?s=96&d=mm&r=g\",\"caption\":\"Equipo Comadera\"},\"sameAs\":[\"https:\\\/\\\/www.comadera.com\\\/blog\"],\"url\":\"https:\\\/\\\/www.comadera.com\\\/blog\\\/author\\\/kudeatzailea\\\/\"}]}<\/script>\n<!-- \/ Yoast SEO plugin. -->","yoast_head_json":{"title":"IDEAS PARA DECORAR AMBIENTES CON LISTONES - Blog de Comadera","description":"Descubre todo lo que necesitas saber sobre los listones de Linerio y VOX. Ideas para decorar ambientes con listones.","robots":{"index":"index","follow":"follow","max-snippet":"max-snippet:-1","max-image-preview":"max-image-preview:large","max-video-preview":"max-video-preview:-1"},"canonical":"https:\/\/www.comadera.com\/blog\/ideas-para-decorar-tu-casa-con-listones\/","og_locale":"es_ES","og_type":"article","og_title":"IDEAS PARA DECORAR AMBIENTES CON LISTONES - Blog de Comadera","og_description":"Descubre todo lo que necesitas saber sobre los listones de Linerio y VOX. Ideas para decorar ambientes con listones.","og_url":"https:\/\/www.comadera.com\/blog\/ideas-para-decorar-tu-casa-con-listones\/","og_site_name":"Blog de Comadera","article_published_time":"2023-04-19T08:40:54+00:00","article_modified_time":"2026-03-03T14:44:08+00:00","og_image":[{"width":658,"height":437,"url":"https:\/\/www.comadera.com\/blog\/wp-content\/uploads\/2023\/04\/listones-de-pared-imitacion-madera-2-1-e1681892576615.jpg","type":"image\/jpeg"}],"author":"Equipo Comadera","twitter_card":"summary_large_image","twitter_misc":{"Escrito por":"Equipo Comadera","Tiempo de lectura":"6 minutos"},"schema":{"@context":"https:\/\/schema.org","@graph":[{"@type":"Article","@id":"https:\/\/www.comadera.com\/blog\/ideas-para-decorar-tu-casa-con-listones\/#article","isPartOf":{"@id":"https:\/\/www.comadera.com\/blog\/ideas-para-decorar-tu-casa-con-listones\/"},"author":{"name":"Equipo Comadera","@id":"https:\/\/www.comadera.com\/blog\/#\/schema\/person\/7e346eb59456354c24ea3e62cfa754da"},"headline":"IDEAS PARA DECORAR AMBIENTES CON LISTONES","datePublished":"2023-04-19T08:40:54+00:00","dateModified":"2026-03-03T14:44:08+00:00","mainEntityOfPage":{"@id":"https:\/\/www.comadera.com\/blog\/ideas-para-decorar-tu-casa-con-listones\/"},"wordCount":723,"publisher":{"@id":"https:\/\/www.comadera.com\/blog\/#organization"},"image":{"@id":"https:\/\/www.comadera.com\/blog\/ideas-para-decorar-tu-casa-con-listones\/#primaryimage"},"thumbnailUrl":"https:\/\/www.comadera.com\/blog\/wp-content\/uploads\/2023\/04\/listones-de-pared-imitacion-madera-2-1-e1681892576615.jpg","keywords":["Comadera","decoraci\u00f3n","Decorar","Eco","fieltro insonorizante","ign\u00edfugo","Insonorizar","Linerio","Listones","Paneles ac\u00fasticos","paredes","poliestireno","r\u00e1pido y sencillo","reforma","reverberaci\u00f3n","revestimiento","techo","tonalidades naturales","zona de estudio","zona de trabajo"],"articleSection":["Revestimiento interior"],"inLanguage":"es"},{"@type":"WebPage","@id":"https:\/\/www.comadera.com\/blog\/ideas-para-decorar-tu-casa-con-listones\/","url":"https:\/\/www.comadera.com\/blog\/ideas-para-decorar-tu-casa-con-listones\/","name":"IDEAS PARA DECORAR AMBIENTES CON LISTONES - Blog de Comadera","isPartOf":{"@id":"https:\/\/www.comadera.com\/blog\/#website"},"primaryImageOfPage":{"@id":"https:\/\/www.comadera.com\/blog\/ideas-para-decorar-tu-casa-con-listones\/#primaryimage"},"image":{"@id":"https:\/\/www.comadera.com\/blog\/ideas-para-decorar-tu-casa-con-listones\/#primaryimage"},"thumbnailUrl":"https:\/\/www.comadera.com\/blog\/wp-content\/uploads\/2023\/04\/listones-de-pared-imitacion-madera-2-1-e1681892576615.jpg","datePublished":"2023-04-19T08:40:54+00:00","dateModified":"2026-03-03T14:44:08+00:00","description":"Descubre todo lo que necesitas saber sobre los listones de Linerio y VOX. Ideas para decorar ambientes con listones.","breadcrumb":{"@id":"https:\/\/www.comadera.com\/blog\/ideas-para-decorar-tu-casa-con-listones\/#breadcrumb"},"inLanguage":"es","potentialAction":[{"@type":"ReadAction","target":["https:\/\/www.comadera.com\/blog\/ideas-para-decorar-tu-casa-con-listones\/"]}]},{"@type":"ImageObject","inLanguage":"es","@id":"https:\/\/www.comadera.com\/blog\/ideas-para-decorar-tu-casa-con-listones\/#primaryimage","url":"https:\/\/www.comadera.com\/blog\/wp-content\/uploads\/2023\/04\/listones-de-pared-imitacion-madera-2-1-e1681892576615.jpg","contentUrl":"https:\/\/www.comadera.com\/blog\/wp-content\/uploads\/2023\/04\/listones-de-pared-imitacion-madera-2-1-e1681892576615.jpg","width":658,"height":437,"caption":"Decoraci\u00f3n de paredes de salones con listones."},{"@type":"BreadcrumbList","@id":"https:\/\/www.comadera.com\/blog\/ideas-para-decorar-tu-casa-con-listones\/#breadcrumb","itemListElement":[{"@type":"ListItem","position":1,"name":"Portada","item":"https:\/\/www.comadera.com\/blog\/"},{"@type":"ListItem","position":2,"name":"IDEAS PARA DECORAR AMBIENTES CON LISTONES"}]},{"@type":"WebSite","@id":"https:\/\/www.comadera.com\/blog\/#website","url":"https:\/\/www.comadera.com\/blog\/","name":"Blog de Comadera","description":"Tecnolog\u00eda e ideas sobre materiales de carpinter\u00eda y madera.","publisher":{"@id":"https:\/\/www.comadera.com\/blog\/#organization"},"potentialAction":[{"@type":"SearchAction","target":{"@type":"EntryPoint","urlTemplate":"https:\/\/www.comadera.com\/blog\/?s={search_term_string}"},"query-input":{"@type":"PropertyValueSpecification","valueRequired":true,"valueName":"search_term_string"}}],"inLanguage":"es"},{"@type":"Organization","@id":"https:\/\/www.comadera.com\/blog\/#organization","name":"Blog de Comadera","url":"https:\/\/www.comadera.com\/blog\/","logo":{"@type":"ImageObject","inLanguage":"es","@id":"https:\/\/www.comadera.com\/blog\/#\/schema\/logo\/image\/","url":"https:\/\/www.comadera.com\/blog\/wp-content\/uploads\/2025\/10\/cropped-comadera_blog_logo-web-comadera-blog.webp","contentUrl":"https:\/\/www.comadera.com\/blog\/wp-content\/uploads\/2025\/10\/cropped-comadera_blog_logo-web-comadera-blog.webp","width":474,"height":151,"caption":"Blog de Comadera"},"image":{"@id":"https:\/\/www.comadera.com\/blog\/#\/schema\/logo\/image\/"}},{"@type":"Person","@id":"https:\/\/www.comadera.com\/blog\/#\/schema\/person\/7e346eb59456354c24ea3e62cfa754da","name":"Equipo Comadera","image":{"@type":"ImageObject","inLanguage":"es","@id":"https:\/\/secure.gravatar.com\/avatar\/07755933535ce3acff35d7e35bf0086dd75b31bb7cf7cf8186456914c3df6a63?s=96&d=mm&r=g","url":"https:\/\/secure.gravatar.com\/avatar\/07755933535ce3acff35d7e35bf0086dd75b31bb7cf7cf8186456914c3df6a63?s=96&d=mm&r=g","contentUrl":"https:\/\/secure.gravatar.com\/avatar\/07755933535ce3acff35d7e35bf0086dd75b31bb7cf7cf8186456914c3df6a63?s=96&d=mm&r=g","caption":"Equipo Comadera"},"sameAs":["https:\/\/www.comadera.com\/blog"],"url":"https:\/\/www.comadera.com\/blog\/author\/kudeatzailea\/"}]}},"_links":{"self":[{"href":"https:\/\/www.comadera.com\/blog\/wp-json\/wp\/v2\/posts\/509","targetHints":{"allow":["GET"]}}],"collection":[{"href":"https:\/\/www.comadera.com\/blog\/wp-json\/wp\/v2\/posts"}],"about":[{"href":"https:\/\/www.comadera.com\/blog\/wp-json\/wp\/v2\/types\/post"}],"author":[{"embeddable":true,"href":"https:\/\/www.comadera.com\/blog\/wp-json\/wp\/v2\/users\/1"}],"replies":[{"embeddable":true,"href":"https:\/\/www.comadera.com\/blog\/wp-json\/wp\/v2\/comments?post=509"}],"version-history":[{"count":32,"href":"https:\/\/www.comadera.com\/blog\/wp-json\/wp\/v2\/posts\/509\/revisions"}],"predecessor-version":[{"id":959,"href":"https:\/\/www.comadera.com\/blog\/wp-json\/wp\/v2\/posts\/509\/revisions\/959"}],"wp:featuredmedia":[{"embeddable":true,"href":"https:\/\/www.comadera.com\/blog\/wp-json\/wp\/v2\/media\/574"}],"wp:attachment":[{"href":"https:\/\/www.comadera.com\/blog\/wp-json\/wp\/v2\/media?parent=509"}],"wp:term":[{"taxonomy":"category","embeddable":true,"href":"https:\/\/www.comadera.com\/blog\/wp-json\/wp\/v2\/categories?post=509"},{"taxonomy":"post_tag","embeddable":true,"href":"https:\/\/www.comadera.com\/blog\/wp-json\/wp\/v2\/tags?post=509"}],"curies":[{"name":"wp","href":"https:\/\/api.w.org\/{rel}","templated":true}]}}