{"id":502,"date":"2023-03-29T12:17:22","date_gmt":"2023-03-29T10:17:22","guid":{"rendered":"https:\/\/www.comadera.com\/blog\/?p=502"},"modified":"2026-03-03T15:44:09","modified_gmt":"2026-03-03T14:44:09","slug":"rompiendo-estereotipos","status":"publish","type":"post","link":"https:\/\/www.comadera.com\/blog\/rompiendo-estereotipos\/","title":{"rendered":"\u00a1Rompiendo estereotipos! El caso de Isabel Obreo"},"content":{"rendered":"<p><span style=\"font-weight: 400;\">Bienvenidos otro d\u00eda m\u00e1s al blog de <\/span><a href=\"https:\/\/www.comadera.com\/\"><b>Comadera<\/b><\/a><span style=\"font-weight: 400;\">. En el post de hoy os traemos un contenido diferente. Como sab\u00e9is, el <\/span><b>sector de la madera<\/b><span style=\"font-weight: 400;\"> es un oficio que ha sido tradicionalmente representado por los hombres, por eso hoy os traemos una entrevista a una profesional de dicho sector. Nuestra protagonista de hoy se llama <strong><a href=\"https:\/\/www.instagram.com\/laal.es\/\">Isabel\u00a0Obreo<\/a><\/strong>. Ella es la fundadora de la marca <\/span><a href=\"https:\/\/laal.es\/\"><b>Laal<\/b><\/a><span style=\"font-weight: 400;\">, en Badajoz.<\/span><\/p>\n<p><span style=\"font-weight: 400;\">En esta entrevista hemos tenido la oportunidad de preguntarle acerca de c\u00f3mo ve el futuro del sector de la madera y de la mujer en este sector. \u00a1Sigue leyendo para conocer m\u00e1s sobre su inspiradora historia!<\/span><\/p>\n<div id=\"ez-toc-container\" class=\"ez-toc-v2_0_81 ez-toc-wrap-left counter-hierarchy ez-toc-counter ez-toc-custom ez-toc-container-direction\">\n<div class=\"ez-toc-title-container\">\n<p class=\"ez-toc-title\" style=\"cursor:inherit\">Contenidos<\/p>\n<span class=\"ez-toc-title-toggle\"><a href=\"#\" class=\"ez-toc-pull-right ez-toc-btn ez-toc-btn-xs ez-toc-btn-default ez-toc-toggle\" aria-label=\"Alternar tabla de contenidos\"><span class=\"ez-toc-js-icon-con\"><span class=\"\"><span class=\"eztoc-hide\" style=\"display:none;\">Toggle<\/span><span class=\"ez-toc-icon-toggle-span\"><svg style=\"fill: #595959;color:#595959\" xmlns=\"http:\/\/www.w3.org\/2000\/svg\" class=\"list-377408\" width=\"20px\" height=\"20px\" viewBox=\"0 0 24 24\" fill=\"none\"><path d=\"M6 6H4v2h2V6zm14 0H8v2h12V6zM4 11h2v2H4v-2zm16 0H8v2h12v-2zM4 16h2v2H4v-2zm16 0H8v2h12v-2z\" fill=\"currentColor\"><\/path><\/svg><svg style=\"fill: #595959;color:#595959\" class=\"arrow-unsorted-368013\" xmlns=\"http:\/\/www.w3.org\/2000\/svg\" width=\"10px\" height=\"10px\" viewBox=\"0 0 24 24\" version=\"1.2\" baseProfile=\"tiny\"><path d=\"M18.2 9.3l-6.2-6.3-6.2 6.3c-.2.2-.3.4-.3.7s.1.5.3.7c.2.2.4.3.7.3h11c.3 0 .5-.1.7-.3.2-.2.3-.5.3-.7s-.1-.5-.3-.7zM5.8 14.7l6.2 6.3 6.2-6.3c.2-.2.3-.5.3-.7s-.1-.5-.3-.7c-.2-.2-.4-.3-.7-.3h-11c-.3 0-.5.1-.7.3-.2.2-.3.5-.3.7s.1.5.3.7z\"\/><\/svg><\/span><\/span><\/span><\/a><\/span><\/div>\n<nav><ul class='ez-toc-list ez-toc-list-level-1 ' ><li class='ez-toc-page-1 ez-toc-heading-level-3'><a class=\"ez-toc-link ez-toc-heading-1\" href=\"https:\/\/www.comadera.com\/blog\/rompiendo-estereotipos\/#%C2%BFComo_fueron_esos_inicios_en_el_sector_de_la_madera_%C2%BFFue_dificil_empezar\" >\u00bfC\u00f3mo fueron esos inicios en el sector de la madera? \u00bfFue dif\u00edcil empezar?<\/a><\/li><li class='ez-toc-page-1 ez-toc-heading-level-3'><a class=\"ez-toc-link ez-toc-heading-2\" href=\"https:\/\/www.comadera.com\/blog\/rompiendo-estereotipos\/#%C2%BFCuando_eras_mas_joven_te_imaginabas_que_te_convertirias_en_una_mujer_emprendedora\" >\u00bfCu\u00e1ndo eras m\u00e1s joven, te imaginabas que te convertir\u00edas en una mujer emprendedora?<\/a><\/li><li class='ez-toc-page-1 ez-toc-heading-level-3'><a class=\"ez-toc-link ez-toc-heading-3\" href=\"https:\/\/www.comadera.com\/blog\/rompiendo-estereotipos\/#%C2%BFComo_percibes_el_sector_de_la_carpinteria_%C2%BFTodavia_hay_mucho_trabajo_que_hacer_para_poder_modernizar_y_digitalizar_el_sector\" >\u00bfC\u00f3mo percibes el sector de la carpinter\u00eda? \u00bfTodav\u00eda hay mucho trabajo que hacer para poder modernizar y digitalizar el sector?<\/a><\/li><li class='ez-toc-page-1 ez-toc-heading-level-3'><a class=\"ez-toc-link ez-toc-heading-4\" href=\"https:\/\/www.comadera.com\/blog\/rompiendo-estereotipos\/#%C2%BFComo_ves_el_papel_de_la_mujer_en_este_sector_%C2%BFQueda_trabajo_por_hacer_en_este_sector\" >\u00bfC\u00f3mo ves el papel de la mujer en este sector? \u00bfQueda trabajo por hacer en este sector?<\/a><\/li><li class='ez-toc-page-1 ez-toc-heading-level-3'><a class=\"ez-toc-link ez-toc-heading-5\" href=\"https:\/\/www.comadera.com\/blog\/rompiendo-estereotipos\/#%C2%BFCrees_que_con_tu_experiencia_mas_mujeres_se_animaran_a_adentrarse_en_este_sector\" >\u00bfCrees que con tu experiencia m\u00e1s mujeres se animar\u00e1n a adentrarse en este sector?<\/a><\/li><li class='ez-toc-page-1 ez-toc-heading-level-3'><a class=\"ez-toc-link ez-toc-heading-6\" href=\"https:\/\/www.comadera.com\/blog\/rompiendo-estereotipos\/#%C2%BFCrees_que_eres_un_referente_para_las_ninas_de_hoy_en_dia\" >\u00bfCrees que eres un referente para las ni\u00f1as de hoy en d\u00eda?<\/a><\/li><\/ul><\/nav><\/div>\n<h3><span class=\"ez-toc-section\" id=\"%C2%BFComo_fueron_esos_inicios_en_el_sector_de_la_madera_%C2%BFFue_dificil_empezar\"><\/span><b>\u00bfC\u00f3mo fueron esos inicios en el sector de la madera? \u00bfFue dif\u00edcil empezar?<\/b><span class=\"ez-toc-section-end\"><\/span><\/h3>\n<p><b>Isabel:<\/b><span style=\"font-weight: 400;\"> El inicio es dif\u00edcil de especificar, la verdad es que siempre me gust\u00f3 hacer cosas manuales. Desde muy peque\u00f1a hac\u00eda muebles de cart\u00f3n y otros elementos con diferentes materiales. La madera fue algo que lleg\u00f3 a mi vida un poco despu\u00e9s.<\/span><\/p>\n<p><span style=\"font-weight: 400;\">Cuando regres\u00e9 a Espa\u00f1a despu\u00e9s de vivir en Escocia, empec\u00e9 a trabajar mi <\/span><b>marca personal<\/b><span style=\"font-weight: 400;\"> como hobby, algo que no ten\u00eda para nada definido, pero que disfrutaba en mi tiempo libre mientras trabajaba como ingeniera de producto. Empec\u00e9 a comprar peque\u00f1as <\/span><b>herramientas y maquinaria<\/b><span style=\"font-weight: 400;\"> para hacer <\/span><b>muebles <\/b><span style=\"font-weight: 400;\">en casa y <\/span><b>amueblar <\/b><span style=\"font-weight: 400;\">mi propio hogar.<\/span><\/p>\n<p><span style=\"font-weight: 400;\">El momento en el que cambi\u00f3 todo fue cuando tom\u00e9 la dif\u00edcil decisi\u00f3n de dejar mi trabajo para dedicarme de lleno a mi marca, por lo tanto, al trabajo de la madera. Eso fue en plena pandemia, hace ya m\u00e1s de dos a\u00f1os en Sevilla. Y el inicio fue dif\u00edcil por varios motivos, el principal fue que yo no ten\u00eda experiencia, no era <\/span><b>carpintera <\/b><span style=\"font-weight: 400;\">ni me hab\u00eda formado como tal, soy <\/span><b>autodidacta <\/b><span style=\"font-weight: 400;\">y eso fue un gran reto. Fue dif\u00edcil montar un <\/span><b>peque\u00f1o negocio<\/b><span style=\"font-weight: 400;\"> con todo lo que eso conlleva. Me equivoqu\u00e9 en algunas cosas, tambi\u00e9n aprend\u00ed en muy poco tiempo cosas que merecen un proceso m\u00e1s largo, pero todo es absoluta <\/span><b>supervivencia<\/b><span style=\"font-weight: 400;\">. Y otra cosa que hizo el proceso un poco dif\u00edcil -y lo sigue haciendo- es conciliar ser madre a tiempo completo de dos ni\u00f1as hace que te salgan brazos y ganas de donde no las hay.<\/span><\/p>\n<p><span style=\"font-weight: 400;\">Pero lo cierto es que todo esto ha salido y est\u00e1 funcionando en gran parte gracias al apoyo y a la ayuda infinita e incondicional de mi compa\u00f1ero de vida. Gracias.<\/span><\/p>\n<h3><span class=\"ez-toc-section\" id=\"%C2%BFCuando_eras_mas_joven_te_imaginabas_que_te_convertirias_en_una_mujer_emprendedora\"><\/span><b>\u00bfCu\u00e1ndo eras m\u00e1s joven, te imaginabas que te convertir\u00edas en una mujer emprendedora?<\/b><span class=\"ez-toc-section-end\"><\/span><\/h3>\n<p><b>Isabel:<\/b><span style=\"font-weight: 400;\"> Pues quiz\u00e1s en el fondo, s\u00ed, me he criado en un negocio familiar y he visto como algo normal el hecho de arriesgar, emprender, crecer y sacrificarse a diario en mis padres.<\/span><\/p>\n<p><span style=\"font-weight: 400;\">Ya empec\u00e9 buscando algo diferente cuando estaba terminando mi carrera de <\/span><b>ingenier\u00eda en dise\u00f1o industrial<\/b><span style=\"font-weight: 400;\"> y decid\u00ed patentar la m\u00e1quina que hab\u00eda dise\u00f1ado como proyecto fin de carrera. Consegu\u00ed mi <\/span><b>objetivo<\/b><span style=\"font-weight: 400;\">, pero el proceso fue <\/span><b>largo y costoso<\/b><span style=\"font-weight: 400;\">, ya que era muy jovencita, no ten\u00eda experiencia y por motivos econ\u00f3micos decid\u00ed hacerlo sola sin ning\u00fan tipo de ayuda ni orientaci\u00f3n.<\/span><\/p>\n<p><span style=\"font-weight: 400;\">Eso me motiv\u00f3 bastante y aunque no tard\u00e9 en empezar a trabajar como ingeniera, nunca abandon\u00e9 la idea de trabajar en mi propia marca. Siempre he sido un poco arriesgada y me ha gustado tener iniciativa, creo que va en mi car\u00e1cter y se lo debo a mis padres.<\/span><\/p>\n<h3><span class=\"ez-toc-section\" id=\"%C2%BFComo_percibes_el_sector_de_la_carpinteria_%C2%BFTodavia_hay_mucho_trabajo_que_hacer_para_poder_modernizar_y_digitalizar_el_sector\"><\/span><b>\u00bfC\u00f3mo percibes el sector de la carpinter\u00eda? \u00bfTodav\u00eda hay mucho trabajo que hacer para poder modernizar y digitalizar el sector?<\/b><span class=\"ez-toc-section-end\"><\/span><\/h3>\n<p><b>Isabel:<\/b><span style=\"font-weight: 400;\"> Cuando empec\u00e9 en este sector lo pens\u00e9, sobre todo por lo que conoc\u00eda en ese momento, pero ahora que conozco mucho m\u00e1s del sector y a much\u00edsimas personas dedicadas a la madera he de reconocer que seg\u00fan donde pongas el foco o qu\u00e9 tipo de trabajo realicen est\u00e1n m\u00e1s o menos modernizados o digitalizados.<\/span><\/p>\n<p><span style=\"font-weight: 400;\">Hay gran parte del sector que sigue trabajando igual que hace a\u00f1os, quiz\u00e1s porque no necesitan m\u00e1s, porque nadie va a coger ese relevo o porque no les falta el trabajo tal y como lo gestionan y tambi\u00e9n hay una parte muy amplia de carpinteros o gente dedicada a la madera que han hecho posible un cambio importante en la <\/span><b>modernizaci\u00f3n y digitalizaci\u00f3n<\/b><span style=\"font-weight: 400;\"> de esta <\/span><b>antigua profesi\u00f3n<\/b><span style=\"font-weight: 400;\">. Yo misma me he formado de manera autodidacta gracias a ese cambio, y a muchos profesionales que exponen y explican su trabajo en medios digitales y <\/span><b>redes sociales<\/b><span style=\"font-weight: 400;\">. Veo a diario grandes artistas haciendo de su trabajo un gran escaparate en cualquier parte del mundo y las empresas que fabrican maquinaria para trabajar la madera siguen ese ritmo.<\/span><\/p>\n<h3><span class=\"ez-toc-section\" id=\"%C2%BFComo_ves_el_papel_de_la_mujer_en_este_sector_%C2%BFQueda_trabajo_por_hacer_en_este_sector\"><\/span><b>\u00bfC\u00f3mo ves el papel de la mujer en este sector? \u00bfQueda trabajo por hacer en este sector?<\/b><span class=\"ez-toc-section-end\"><\/span><\/h3>\n<p><b>Isabel:<\/b><span style=\"font-weight: 400;\"> El papel de la mujer en este sector es el mismo que en muchos otros y sobre todo en trabajos tradicionalmente de hombres y en los que se requiere esfuerzo f\u00edsico, un papel de <\/span><b>lucha diaria<\/b><span style=\"font-weight: 400;\"> para <\/span><b>demostrar <\/b><span style=\"font-weight: 400;\">que nuestra capacidad para el trabajo es igual que la de cualquier hombre.<\/span><\/p>\n<p><span style=\"font-weight: 400;\">Ahora mismo me vienen a la cabeza un gran n\u00famero de mujeres que admiro, a las que sigo y que trabajan la madera a nivel profesional, muchas de <\/span><b>\u00e1mbito nacional<\/b><span style=\"font-weight: 400;\"> y much\u00edsimas otras a <\/span><b>nivel internacional<\/b><span style=\"font-weight: 400;\">.<\/span><\/p>\n<p><span style=\"font-weight: 400;\">Ahora mismo seguimos luchando para hacernos hueco en este tipo de trabajos y a veces es dif\u00edcil abrirse camino, pero si tienes ganas, nadie puede imped\u00edrtelo. Hablo por m\u00ed cuando digo que han puesto todo tipo de caras al verme trabajar, al verme comprar madera en <\/span><b>almacenes<\/b><span style=\"font-weight: 400;\">, al verme cargar mi furgoneta y, en general, al ubicarte en el trabajo que realizas. Claro que queda mucho por hacer, queda much\u00edsimo por luchar para que cuando te vean trabajando en tu propio taller no te pregunten m\u00e1s de dos o tres veces seguidas: \u00bfesto lo has hecho t\u00fa sola?; \u00bfy esto tambi\u00e9n lo has hecho t\u00fa?; \u00bfy t\u00fa solita trabajas aqu\u00ed?; \u00bfy t\u00fa solita puedes con ese mueble?&#8230; o frases como: \u201cpara ser una mujer tienes buenas manos&#8230;\u201d As\u00ed podr\u00eda seguir\u2026<\/span><\/p>\n<h3><span class=\"ez-toc-section\" id=\"%C2%BFCrees_que_con_tu_experiencia_mas_mujeres_se_animaran_a_adentrarse_en_este_sector\"><\/span><b>\u00bfCrees que con tu experiencia m\u00e1s mujeres se animar\u00e1n a adentrarse en este sector?<\/b><span class=\"ez-toc-section-end\"><\/span><\/h3>\n<p><b>Isabel:<\/b><span style=\"font-weight: 400;\"> Me gustar\u00eda que fuera as\u00ed, no soy una persona relevante como para eso, pero es cierto que a veces recibo mensajes de otras mujeres amantes de la madera que se sienten identificadas con mi <\/span><b>proyecto <\/b><span style=\"font-weight: 400;\">y que intentan abrirse camino.<\/span><\/p>\n<p><span style=\"font-weight: 400;\">Cada vez que alguna mujer me pregunta o me dice que al verme se ha motivado y que les gustar\u00eda <\/span><b>emprender<\/b><span style=\"font-weight: 400;\">, yo me siento feliz, no solo porque lo sientan, sino porque tambi\u00e9n te lo dicen y esperan que les cuente c\u00f3mo ha sido mi <\/span><b>experiencia <\/b><span style=\"font-weight: 400;\">o mi trayecto. Aunque tengo que reconocer que tambi\u00e9n he recibido ese tipo de mensajes por parte de hombres y tambi\u00e9n a ellos les cuento mi experiencia.<\/span><\/p>\n<h3><span class=\"ez-toc-section\" id=\"%C2%BFCrees_que_eres_un_referente_para_las_ninas_de_hoy_en_dia\"><\/span><b>\u00bfCrees que eres un referente para las ni\u00f1as de hoy en d\u00eda?<\/b><span class=\"ez-toc-section-end\"><\/span><\/h3>\n<p><b>Isabel:<\/b><span style=\"font-weight: 400;\"> Es una pregunta dif\u00edcil, me gustar\u00eda plantarme delante de un grupo de ni\u00f1as de entre 8 y 14 a\u00f1os y poder hacerles esa pregunta, \u201c\u00bfte gustar\u00eda trabajar la madera cuando seas mayor?\u201d. Si me lo hubieran preguntado a m\u00ed a esa edad, a lo mejor hubiese dicho que s\u00ed. Si les preguntan a mis hijas ahora, que tienen 3 y 4 a\u00f1os, dicen que de mayor quieren ser como mam\u00e1, pero eso casi no cuenta.<\/span><\/p>\n<p><span style=\"font-weight: 400;\">Hay muchas ni\u00f1as que se plantan delante de mi escaparate, desde el que se me ven <\/span><b>trabajar<\/b><span style=\"font-weight: 400;\">, y preguntan a sus padres o abuelos qu\u00e9 es lo que estoy haciendo. Para muchos ni\u00f1os es una profesi\u00f3n totalmente desconocida, pero me vale con ser <\/span><b>referente <\/b><span style=\"font-weight: 400;\">en cuanto a la lucha por los sue\u00f1os propios, por dedicarte a lo que m\u00e1s te gusta y poder vivir de ello.<\/span><\/p>\n<p>&nbsp;<\/p>\n<p><span style=\"font-weight: 400;\">Much\u00edsimas gracias <a href=\"https:\/\/www.instagram.com\/laal.es\/\">Isabel<\/a> por aceptar la colaboraci\u00f3n con <a href=\"https:\/\/www.comadera.com\/productos-suelos-interior\"><strong>Comadera<\/strong><\/a>, por compartir con nosotros tu inspiradora historia, y mostrarnos los desaf\u00edos de ser una mujer emprendedora en este sector.\u00a0<\/span><\/p>\n<p><span style=\"font-weight: 400;\">Si a vosotros tambi\u00e9n os ha gustado leer la entrevista tanto como a nosotros, aqu\u00ed os dejamos un enlace a su web para que pod\u00e1is echar un vistazo a sus trabajos.<\/span><\/p>\n<ul>\n<li><a href=\"https:\/\/laal.es\/\">Web de Laal<\/a><\/li>\n<li><a href=\"https:\/\/www.instagram.com\/laal.es\/\">Perfil de Instagram<\/a><\/li>\n<\/ul>\n","protected":false},"excerpt":{"rendered":"<p>Bienvenidos otro d\u00eda m\u00e1s al blog de Comadera. En el post de hoy os traemos un contenido diferente. Como sab\u00e9is, el sector de la madera es un oficio que ha sido tradicionalmente representado por los hombres, por eso hoy os&#8230;<\/p>\n","protected":false},"author":1,"featured_media":503,"comment_status":"closed","ping_status":"open","sticky":false,"template":"","format":"standard","meta":{"_kad_post_transparent":"","_kad_post_title":"","_kad_post_layout":"","_kad_post_sidebar_id":"","_kad_post_content_style":"","_kad_post_vertical_padding":"","_kad_post_feature":"","_kad_post_feature_position":"","_kad_post_header":false,"_kad_post_footer":false,"footnotes":""},"categories":[196],"tags":[81,40,5,71,68,75,64,80,65,63,66,79,70,78,82,83,69,72,73,74,76,67,77],"class_list":["post-502","post","type-post","status-publish","format-standard","has-post-thumbnail","hentry","category-entrevistas-casos-exito","tag-cajonera","tag-carpinteria","tag-comadera","tag-digitalizacion","tag-diseno","tag-emprender","tag-entrevista","tag-espejos","tag-isabel-obreo","tag-laal","tag-marca-personal","tag-mesas","tag-modernizacion","tag-muebles","tag-muebles-de-madera","tag-muebles-hechos-a-mano-de-madera","tag-mujer-carpintera","tag-profesion","tag-profesional","tag-proyecto","tag-referente","tag-sector-de-la-madera","tag-trabajo"],"yoast_head":"<!-- This site is optimized with the Yoast SEO plugin v27.5 - https:\/\/yoast.com\/product\/yoast-seo-wordpress\/ -->\n<title>\u00a1Rompiendo estereotipos! El caso de Isabel Obreo - Blog de Comadera<\/title>\n<meta name=\"description\" content=\"Comadera entrevista a Isabel Obreo, una mujer carpintera que ha venido a contarnos su experiencia en el sector de la madera\" \/>\n<meta name=\"robots\" content=\"index, follow, max-snippet:-1, max-image-preview:large, max-video-preview:-1\" \/>\n<link rel=\"canonical\" href=\"https:\/\/www.comadera.com\/blog\/rompiendo-estereotipos\/\" \/>\n<meta property=\"og:locale\" content=\"es_ES\" \/>\n<meta property=\"og:type\" content=\"article\" \/>\n<meta property=\"og:title\" content=\"\u00a1Rompiendo estereotipos! El caso de Isabel Obreo - Blog de Comadera\" \/>\n<meta property=\"og:description\" content=\"Comadera entrevista a Isabel Obreo, una mujer carpintera que ha venido a contarnos su experiencia en el sector de la madera\" \/>\n<meta property=\"og:url\" content=\"https:\/\/www.comadera.com\/blog\/rompiendo-estereotipos\/\" \/>\n<meta property=\"og:site_name\" content=\"Blog de Comadera\" \/>\n<meta property=\"article:published_time\" content=\"2023-03-29T10:17:22+00:00\" \/>\n<meta property=\"article:modified_time\" content=\"2026-03-03T14:44:09+00:00\" \/>\n<meta property=\"og:image\" content=\"https:\/\/www.comadera.com\/blog\/wp-content\/uploads\/2023\/03\/20230318-tallerLaal-Dimentia-1556-scaled.jpg\" \/>\n\t<meta property=\"og:image:width\" content=\"2560\" \/>\n\t<meta property=\"og:image:height\" content=\"1707\" \/>\n\t<meta property=\"og:image:type\" content=\"image\/jpeg\" \/>\n<meta name=\"author\" content=\"Equipo Comadera\" \/>\n<meta name=\"twitter:card\" content=\"summary_large_image\" \/>\n<meta name=\"twitter:label1\" content=\"Escrito por\" \/>\n\t<meta name=\"twitter:data1\" content=\"Equipo Comadera\" \/>\n\t<meta name=\"twitter:label2\" content=\"Tiempo de lectura\" \/>\n\t<meta name=\"twitter:data2\" content=\"7 minutos\" \/>\n<script type=\"application\/ld+json\" class=\"yoast-schema-graph\">{\"@context\":\"https:\\\/\\\/schema.org\",\"@graph\":[{\"@type\":\"Article\",\"@id\":\"https:\\\/\\\/www.comadera.com\\\/blog\\\/rompiendo-estereotipos\\\/#article\",\"isPartOf\":{\"@id\":\"https:\\\/\\\/www.comadera.com\\\/blog\\\/rompiendo-estereotipos\\\/\"},\"author\":{\"name\":\"Equipo Comadera\",\"@id\":\"https:\\\/\\\/www.comadera.com\\\/blog\\\/#\\\/schema\\\/person\\\/7e346eb59456354c24ea3e62cfa754da\"},\"headline\":\"\u00a1Rompiendo estereotipos! El caso de Isabel Obreo\",\"datePublished\":\"2023-03-29T10:17:22+00:00\",\"dateModified\":\"2026-03-03T14:44:09+00:00\",\"mainEntityOfPage\":{\"@id\":\"https:\\\/\\\/www.comadera.com\\\/blog\\\/rompiendo-estereotipos\\\/\"},\"wordCount\":1429,\"publisher\":{\"@id\":\"https:\\\/\\\/www.comadera.com\\\/blog\\\/#organization\"},\"image\":{\"@id\":\"https:\\\/\\\/www.comadera.com\\\/blog\\\/rompiendo-estereotipos\\\/#primaryimage\"},\"thumbnailUrl\":\"https:\\\/\\\/www.comadera.com\\\/blog\\\/wp-content\\\/uploads\\\/2023\\\/03\\\/20230318-tallerLaal-Dimentia-1556-scaled.jpg\",\"keywords\":[\"cajonera\",\"carpinteria\",\"Comadera\",\"digitalizaci\u00f3n\",\"dise\u00f1o\",\"emprender\",\"Entrevista\",\"espejos\",\"Isabel Obreo\",\"Laal\",\"marca personal\",\"mesas\",\"modernizaci\u00f3n\",\"muebles\",\"muebles de madera\",\"muebles hechos a mano de madera\",\"mujer carpintera\",\"profesi\u00f3n\",\"profesional\",\"proyecto\",\"referente\",\"sector de la madera\",\"trabajo\"],\"articleSection\":[\"Entrevistas y casos de \u00e9xito\"],\"inLanguage\":\"es\"},{\"@type\":\"WebPage\",\"@id\":\"https:\\\/\\\/www.comadera.com\\\/blog\\\/rompiendo-estereotipos\\\/\",\"url\":\"https:\\\/\\\/www.comadera.com\\\/blog\\\/rompiendo-estereotipos\\\/\",\"name\":\"\u00a1Rompiendo estereotipos! El caso de Isabel Obreo - Blog de Comadera\",\"isPartOf\":{\"@id\":\"https:\\\/\\\/www.comadera.com\\\/blog\\\/#website\"},\"primaryImageOfPage\":{\"@id\":\"https:\\\/\\\/www.comadera.com\\\/blog\\\/rompiendo-estereotipos\\\/#primaryimage\"},\"image\":{\"@id\":\"https:\\\/\\\/www.comadera.com\\\/blog\\\/rompiendo-estereotipos\\\/#primaryimage\"},\"thumbnailUrl\":\"https:\\\/\\\/www.comadera.com\\\/blog\\\/wp-content\\\/uploads\\\/2023\\\/03\\\/20230318-tallerLaal-Dimentia-1556-scaled.jpg\",\"datePublished\":\"2023-03-29T10:17:22+00:00\",\"dateModified\":\"2026-03-03T14:44:09+00:00\",\"description\":\"Comadera entrevista a Isabel Obreo, una mujer carpintera que ha venido a contarnos su experiencia en el sector de la madera\",\"breadcrumb\":{\"@id\":\"https:\\\/\\\/www.comadera.com\\\/blog\\\/rompiendo-estereotipos\\\/#breadcrumb\"},\"inLanguage\":\"es\",\"potentialAction\":[{\"@type\":\"ReadAction\",\"target\":[\"https:\\\/\\\/www.comadera.com\\\/blog\\\/rompiendo-estereotipos\\\/\"]}]},{\"@type\":\"ImageObject\",\"inLanguage\":\"es\",\"@id\":\"https:\\\/\\\/www.comadera.com\\\/blog\\\/rompiendo-estereotipos\\\/#primaryimage\",\"url\":\"https:\\\/\\\/www.comadera.com\\\/blog\\\/wp-content\\\/uploads\\\/2023\\\/03\\\/20230318-tallerLaal-Dimentia-1556-scaled.jpg\",\"contentUrl\":\"https:\\\/\\\/www.comadera.com\\\/blog\\\/wp-content\\\/uploads\\\/2023\\\/03\\\/20230318-tallerLaal-Dimentia-1556-scaled.jpg\",\"width\":2560,\"height\":1707,\"caption\":\"Isabel Obreo fotografiada en su propio taller\"},{\"@type\":\"BreadcrumbList\",\"@id\":\"https:\\\/\\\/www.comadera.com\\\/blog\\\/rompiendo-estereotipos\\\/#breadcrumb\",\"itemListElement\":[{\"@type\":\"ListItem\",\"position\":1,\"name\":\"Portada\",\"item\":\"https:\\\/\\\/www.comadera.com\\\/blog\\\/\"},{\"@type\":\"ListItem\",\"position\":2,\"name\":\"\u00a1Rompiendo estereotipos! El caso de Isabel Obreo\"}]},{\"@type\":\"WebSite\",\"@id\":\"https:\\\/\\\/www.comadera.com\\\/blog\\\/#website\",\"url\":\"https:\\\/\\\/www.comadera.com\\\/blog\\\/\",\"name\":\"Blog de Comadera\",\"description\":\"Tecnolog\u00eda e ideas sobre materiales de carpinter\u00eda y madera.\",\"publisher\":{\"@id\":\"https:\\\/\\\/www.comadera.com\\\/blog\\\/#organization\"},\"potentialAction\":[{\"@type\":\"SearchAction\",\"target\":{\"@type\":\"EntryPoint\",\"urlTemplate\":\"https:\\\/\\\/www.comadera.com\\\/blog\\\/?s={search_term_string}\"},\"query-input\":{\"@type\":\"PropertyValueSpecification\",\"valueRequired\":true,\"valueName\":\"search_term_string\"}}],\"inLanguage\":\"es\"},{\"@type\":\"Organization\",\"@id\":\"https:\\\/\\\/www.comadera.com\\\/blog\\\/#organization\",\"name\":\"Blog de Comadera\",\"url\":\"https:\\\/\\\/www.comadera.com\\\/blog\\\/\",\"logo\":{\"@type\":\"ImageObject\",\"inLanguage\":\"es\",\"@id\":\"https:\\\/\\\/www.comadera.com\\\/blog\\\/#\\\/schema\\\/logo\\\/image\\\/\",\"url\":\"https:\\\/\\\/www.comadera.com\\\/blog\\\/wp-content\\\/uploads\\\/2025\\\/10\\\/cropped-comadera_blog_logo-web-comadera-blog.webp\",\"contentUrl\":\"https:\\\/\\\/www.comadera.com\\\/blog\\\/wp-content\\\/uploads\\\/2025\\\/10\\\/cropped-comadera_blog_logo-web-comadera-blog.webp\",\"width\":474,\"height\":151,\"caption\":\"Blog de Comadera\"},\"image\":{\"@id\":\"https:\\\/\\\/www.comadera.com\\\/blog\\\/#\\\/schema\\\/logo\\\/image\\\/\"}},{\"@type\":\"Person\",\"@id\":\"https:\\\/\\\/www.comadera.com\\\/blog\\\/#\\\/schema\\\/person\\\/7e346eb59456354c24ea3e62cfa754da\",\"name\":\"Equipo Comadera\",\"image\":{\"@type\":\"ImageObject\",\"inLanguage\":\"es\",\"@id\":\"https:\\\/\\\/secure.gravatar.com\\\/avatar\\\/07755933535ce3acff35d7e35bf0086dd75b31bb7cf7cf8186456914c3df6a63?s=96&d=mm&r=g\",\"url\":\"https:\\\/\\\/secure.gravatar.com\\\/avatar\\\/07755933535ce3acff35d7e35bf0086dd75b31bb7cf7cf8186456914c3df6a63?s=96&d=mm&r=g\",\"contentUrl\":\"https:\\\/\\\/secure.gravatar.com\\\/avatar\\\/07755933535ce3acff35d7e35bf0086dd75b31bb7cf7cf8186456914c3df6a63?s=96&d=mm&r=g\",\"caption\":\"Equipo Comadera\"},\"sameAs\":[\"https:\\\/\\\/www.comadera.com\\\/blog\"],\"url\":\"https:\\\/\\\/www.comadera.com\\\/blog\\\/author\\\/kudeatzailea\\\/\"}]}<\/script>\n<!-- \/ Yoast SEO plugin. -->","yoast_head_json":{"title":"\u00a1Rompiendo estereotipos! El caso de Isabel Obreo - Blog de Comadera","description":"Comadera entrevista a Isabel Obreo, una mujer carpintera que ha venido a contarnos su experiencia en el sector de la madera","robots":{"index":"index","follow":"follow","max-snippet":"max-snippet:-1","max-image-preview":"max-image-preview:large","max-video-preview":"max-video-preview:-1"},"canonical":"https:\/\/www.comadera.com\/blog\/rompiendo-estereotipos\/","og_locale":"es_ES","og_type":"article","og_title":"\u00a1Rompiendo estereotipos! El caso de Isabel Obreo - Blog de Comadera","og_description":"Comadera entrevista a Isabel Obreo, una mujer carpintera que ha venido a contarnos su experiencia en el sector de la madera","og_url":"https:\/\/www.comadera.com\/blog\/rompiendo-estereotipos\/","og_site_name":"Blog de Comadera","article_published_time":"2023-03-29T10:17:22+00:00","article_modified_time":"2026-03-03T14:44:09+00:00","og_image":[{"width":2560,"height":1707,"url":"https:\/\/www.comadera.com\/blog\/wp-content\/uploads\/2023\/03\/20230318-tallerLaal-Dimentia-1556-scaled.jpg","type":"image\/jpeg"}],"author":"Equipo Comadera","twitter_card":"summary_large_image","twitter_misc":{"Escrito por":"Equipo Comadera","Tiempo de lectura":"7 minutos"},"schema":{"@context":"https:\/\/schema.org","@graph":[{"@type":"Article","@id":"https:\/\/www.comadera.com\/blog\/rompiendo-estereotipos\/#article","isPartOf":{"@id":"https:\/\/www.comadera.com\/blog\/rompiendo-estereotipos\/"},"author":{"name":"Equipo Comadera","@id":"https:\/\/www.comadera.com\/blog\/#\/schema\/person\/7e346eb59456354c24ea3e62cfa754da"},"headline":"\u00a1Rompiendo estereotipos! El caso de Isabel Obreo","datePublished":"2023-03-29T10:17:22+00:00","dateModified":"2026-03-03T14:44:09+00:00","mainEntityOfPage":{"@id":"https:\/\/www.comadera.com\/blog\/rompiendo-estereotipos\/"},"wordCount":1429,"publisher":{"@id":"https:\/\/www.comadera.com\/blog\/#organization"},"image":{"@id":"https:\/\/www.comadera.com\/blog\/rompiendo-estereotipos\/#primaryimage"},"thumbnailUrl":"https:\/\/www.comadera.com\/blog\/wp-content\/uploads\/2023\/03\/20230318-tallerLaal-Dimentia-1556-scaled.jpg","keywords":["cajonera","carpinteria","Comadera","digitalizaci\u00f3n","dise\u00f1o","emprender","Entrevista","espejos","Isabel Obreo","Laal","marca personal","mesas","modernizaci\u00f3n","muebles","muebles de madera","muebles hechos a mano de madera","mujer carpintera","profesi\u00f3n","profesional","proyecto","referente","sector de la madera","trabajo"],"articleSection":["Entrevistas y casos de \u00e9xito"],"inLanguage":"es"},{"@type":"WebPage","@id":"https:\/\/www.comadera.com\/blog\/rompiendo-estereotipos\/","url":"https:\/\/www.comadera.com\/blog\/rompiendo-estereotipos\/","name":"\u00a1Rompiendo estereotipos! El caso de Isabel Obreo - Blog de Comadera","isPartOf":{"@id":"https:\/\/www.comadera.com\/blog\/#website"},"primaryImageOfPage":{"@id":"https:\/\/www.comadera.com\/blog\/rompiendo-estereotipos\/#primaryimage"},"image":{"@id":"https:\/\/www.comadera.com\/blog\/rompiendo-estereotipos\/#primaryimage"},"thumbnailUrl":"https:\/\/www.comadera.com\/blog\/wp-content\/uploads\/2023\/03\/20230318-tallerLaal-Dimentia-1556-scaled.jpg","datePublished":"2023-03-29T10:17:22+00:00","dateModified":"2026-03-03T14:44:09+00:00","description":"Comadera entrevista a Isabel Obreo, una mujer carpintera que ha venido a contarnos su experiencia en el sector de la madera","breadcrumb":{"@id":"https:\/\/www.comadera.com\/blog\/rompiendo-estereotipos\/#breadcrumb"},"inLanguage":"es","potentialAction":[{"@type":"ReadAction","target":["https:\/\/www.comadera.com\/blog\/rompiendo-estereotipos\/"]}]},{"@type":"ImageObject","inLanguage":"es","@id":"https:\/\/www.comadera.com\/blog\/rompiendo-estereotipos\/#primaryimage","url":"https:\/\/www.comadera.com\/blog\/wp-content\/uploads\/2023\/03\/20230318-tallerLaal-Dimentia-1556-scaled.jpg","contentUrl":"https:\/\/www.comadera.com\/blog\/wp-content\/uploads\/2023\/03\/20230318-tallerLaal-Dimentia-1556-scaled.jpg","width":2560,"height":1707,"caption":"Isabel Obreo fotografiada en su propio taller"},{"@type":"BreadcrumbList","@id":"https:\/\/www.comadera.com\/blog\/rompiendo-estereotipos\/#breadcrumb","itemListElement":[{"@type":"ListItem","position":1,"name":"Portada","item":"https:\/\/www.comadera.com\/blog\/"},{"@type":"ListItem","position":2,"name":"\u00a1Rompiendo estereotipos! El caso de Isabel Obreo"}]},{"@type":"WebSite","@id":"https:\/\/www.comadera.com\/blog\/#website","url":"https:\/\/www.comadera.com\/blog\/","name":"Blog de Comadera","description":"Tecnolog\u00eda e ideas sobre materiales de carpinter\u00eda y madera.","publisher":{"@id":"https:\/\/www.comadera.com\/blog\/#organization"},"potentialAction":[{"@type":"SearchAction","target":{"@type":"EntryPoint","urlTemplate":"https:\/\/www.comadera.com\/blog\/?s={search_term_string}"},"query-input":{"@type":"PropertyValueSpecification","valueRequired":true,"valueName":"search_term_string"}}],"inLanguage":"es"},{"@type":"Organization","@id":"https:\/\/www.comadera.com\/blog\/#organization","name":"Blog de Comadera","url":"https:\/\/www.comadera.com\/blog\/","logo":{"@type":"ImageObject","inLanguage":"es","@id":"https:\/\/www.comadera.com\/blog\/#\/schema\/logo\/image\/","url":"https:\/\/www.comadera.com\/blog\/wp-content\/uploads\/2025\/10\/cropped-comadera_blog_logo-web-comadera-blog.webp","contentUrl":"https:\/\/www.comadera.com\/blog\/wp-content\/uploads\/2025\/10\/cropped-comadera_blog_logo-web-comadera-blog.webp","width":474,"height":151,"caption":"Blog de Comadera"},"image":{"@id":"https:\/\/www.comadera.com\/blog\/#\/schema\/logo\/image\/"}},{"@type":"Person","@id":"https:\/\/www.comadera.com\/blog\/#\/schema\/person\/7e346eb59456354c24ea3e62cfa754da","name":"Equipo Comadera","image":{"@type":"ImageObject","inLanguage":"es","@id":"https:\/\/secure.gravatar.com\/avatar\/07755933535ce3acff35d7e35bf0086dd75b31bb7cf7cf8186456914c3df6a63?s=96&d=mm&r=g","url":"https:\/\/secure.gravatar.com\/avatar\/07755933535ce3acff35d7e35bf0086dd75b31bb7cf7cf8186456914c3df6a63?s=96&d=mm&r=g","contentUrl":"https:\/\/secure.gravatar.com\/avatar\/07755933535ce3acff35d7e35bf0086dd75b31bb7cf7cf8186456914c3df6a63?s=96&d=mm&r=g","caption":"Equipo Comadera"},"sameAs":["https:\/\/www.comadera.com\/blog"],"url":"https:\/\/www.comadera.com\/blog\/author\/kudeatzailea\/"}]}},"_links":{"self":[{"href":"https:\/\/www.comadera.com\/blog\/wp-json\/wp\/v2\/posts\/502","targetHints":{"allow":["GET"]}}],"collection":[{"href":"https:\/\/www.comadera.com\/blog\/wp-json\/wp\/v2\/posts"}],"about":[{"href":"https:\/\/www.comadera.com\/blog\/wp-json\/wp\/v2\/types\/post"}],"author":[{"embeddable":true,"href":"https:\/\/www.comadera.com\/blog\/wp-json\/wp\/v2\/users\/1"}],"replies":[{"embeddable":true,"href":"https:\/\/www.comadera.com\/blog\/wp-json\/wp\/v2\/comments?post=502"}],"version-history":[{"count":7,"href":"https:\/\/www.comadera.com\/blog\/wp-json\/wp\/v2\/posts\/502\/revisions"}],"predecessor-version":[{"id":1130,"href":"https:\/\/www.comadera.com\/blog\/wp-json\/wp\/v2\/posts\/502\/revisions\/1130"}],"wp:featuredmedia":[{"embeddable":true,"href":"https:\/\/www.comadera.com\/blog\/wp-json\/wp\/v2\/media\/503"}],"wp:attachment":[{"href":"https:\/\/www.comadera.com\/blog\/wp-json\/wp\/v2\/media?parent=502"}],"wp:term":[{"taxonomy":"category","embeddable":true,"href":"https:\/\/www.comadera.com\/blog\/wp-json\/wp\/v2\/categories?post=502"},{"taxonomy":"post_tag","embeddable":true,"href":"https:\/\/www.comadera.com\/blog\/wp-json\/wp\/v2\/tags?post=502"}],"curies":[{"name":"wp","href":"https:\/\/api.w.org\/{rel}","templated":true}]}}